{"id":7405,"date":"2011-01-01T12:48:42","date_gmt":"2011-01-01T12:48:42","guid":{"rendered":"http:\/\/www.manquepierda.com\/?p=7405"},"modified":"2015-10-15T20:53:38","modified_gmt":"2015-10-15T18:53:38","slug":"sevilla-betis-viejas-glorias-1955-2","status":"publish","type":"post","link":"https:\/\/www.manquepierda.com\/historiarealbetis\/sevilla-betis-viejas-glorias-1955-2\/","title":{"rendered":"Sevilla-Betis Viejas Glorias 1955 (2)"},"content":{"rendered":"<figure id=\"attachment_7406\" aria-describedby=\"caption-attachment-7406\" style=\"width: 185px\" class=\"wp-caption aligncenter\"><a class=\"lightbox\" title=\"Viejas Glorias Internacionales 1955\" href=\"http:\/\/www.manquepierda.com\/?attachment_id=7406\"><img data-recalc-dims=\"1\" loading=\"lazy\" decoding=\"async\" class=\"size-full wp-image-7406\" src=\"https:\/\/i0.wp.com\/www.manquepierda.com\/historiarealbetis\/files\/2010\/12\/Viejas-Glorias-Internacionales-1955.jpg?resize=185%2C120&#038;ssl=1\" alt=\"Fuente: Marca 13 de Mayo de 1955\" width=\"185\" height=\"120\" \/><\/a><figcaption id=\"caption-attachment-7406\" class=\"wp-caption-text\">Fuente: Marca 13 de Mayo de 1955<\/figcaption><\/figure>\n<p>El pasado 12 de Diciembre hac\u00edamos alusi\u00f3n en esta misma secci\u00f3n al partido ben\u00e9fico que en Abril de 1955 disputaron en el antiguo campo de Nervi\u00f3n las Viejas Glorias de Sevilla y Betis, y que concluy\u00f3 con victoria b\u00e9tica por 3 a 0.<\/p>\n<p>En esta ocasi\u00f3n traemos otra imagen de ese encuentro, y que corresponde a la fotograf\u00eda que se hicieron los jugadores internacionales que participaron en \u00e9l. Aqu\u00ed tenemos a los sevillistas\u00a0 Andr\u00e9s Mateo, Pedro Alconero, Guillermo Campanal y Guillermo Eizaguirre , junto al b\u00e9tico Sim\u00f3n Lecue.<\/p>\n","protected":false},"excerpt":{"rendered":"<p>El pasado 12 de Diciembre hac\u00edamos alusi\u00f3n en esta misma secci\u00f3n al partido ben\u00e9fico que en Abril de 1955 disputaron en el antiguo campo de Nervi\u00f3n las Viejas Glorias de Sevilla y Betis, y que concluy\u00f3 con victoria b\u00e9tica por 3 a 0. En esta ocasi\u00f3n traemos otra imagen de ese encuentro, y que corresponde&#8230;<\/p>\n","protected":false},"author":5,"featured_media":7406,"comment_status":"open","ping_status":"open","sticky":false,"template":"","format":"standard","meta":{"_kad_post_transparent":"","_kad_post_title":"","_kad_post_layout":"","_kad_post_sidebar_id":"","_kad_post_content_style":"","_kad_post_vertical_padding":"","_kad_post_feature":"","_kad_post_feature_position":"","_kad_post_header":false,"_kad_post_footer":false,"_kad_post_classname":"","_jetpack_memberships_contains_paid_content":false,"footnotes":"","jetpack_publicize_message":"","jetpack_publicize_feature_enabled":true,"jetpack_social_post_already_shared":false,"jetpack_social_options":{"image_generator_settings":{"template":"highway","default_image_id":0,"font":"","enabled":false},"version":2}},"categories":[901,1],"tags":[55,1552,1554,1503,1553,916,1043,1551],"class_list":["post-7405","post","type-post","status-publish","format-standard","has-post-thumbnail","hentry","category-1950-1959","category-portada","tag-55","tag-andres-mateo","tag-guillermo-campanal","tag-guillermo-eizaguirre","tag-pedro-alconero","tag-sevilla-fc","tag-simon-lecue","tag-viejas-glorias"],"jetpack_publicize_connections":[],"jetpack_featured_media_url":"https:\/\/i0.wp.com\/www.manquepierda.com\/historiarealbetis\/files\/2010\/12\/Viejas-Glorias-Internacionales-1955.jpg?fit=185%2C120&ssl=1","jetpack_sharing_enabled":true,"jetpack_shortlink":"https:\/\/wp.me\/p1ij08-1Vr","jetpack-related-posts":[],"_links":{"self":[{"href":"https:\/\/www.manquepierda.com\/historiarealbetis\/wp-json\/wp\/v2\/posts\/7405","targetHints":{"allow":["GET"]}}],"collection":[{"href":"https:\/\/www.manquepierda.com\/historiarealbetis\/wp-json\/wp\/v2\/posts"}],"about":[{"href":"https:\/\/www.manquepierda.com\/historiarealbetis\/wp-json\/wp\/v2\/types\/post"}],"author":[{"embeddable":true,"href":"https:\/\/www.manquepierda.com\/historiarealbetis\/wp-json\/wp\/v2\/users\/5"}],"replies":[{"embeddable":true,"href":"https:\/\/www.manquepierda.com\/historiarealbetis\/wp-json\/wp\/v2\/comments?post=7405"}],"version-history":[{"count":0,"href":"https:\/\/www.manquepierda.com\/historiarealbetis\/wp-json\/wp\/v2\/posts\/7405\/revisions"}],"wp:featuredmedia":[{"embeddable":true,"href":"https:\/\/www.manquepierda.com\/historiarealbetis\/wp-json\/wp\/v2\/media\/7406"}],"wp:attachment":[{"href":"https:\/\/www.manquepierda.com\/historiarealbetis\/wp-json\/wp\/v2\/media?parent=7405"}],"wp:term":[{"taxonomy":"category","embeddable":true,"href":"https:\/\/www.manquepierda.com\/historiarealbetis\/wp-json\/wp\/v2\/categories?post=7405"},{"taxonomy":"post_tag","embeddable":true,"href":"https:\/\/www.manquepierda.com\/historiarealbetis\/wp-json\/wp\/v2\/tags?post=7405"}],"curies":[{"name":"wp","href":"https:\/\/api.w.org\/{rel}","templated":true}]}}