{"id":74094,"date":"2025-03-09T12:00:00","date_gmt":"2025-03-09T11:00:00","guid":{"rendered":"http:\/\/www.manquepierda.com\/historiarealbetis\/?p=74094"},"modified":"2025-02-16T14:48:20","modified_gmt":"2025-02-16T13:48:20","slug":"hoy-hace-90-anos-betis-3-deportivo-1","status":"publish","type":"post","link":"https:\/\/www.manquepierda.com\/historiarealbetis\/hoy-hace-90-anos-betis-3-deportivo-1\/","title":{"rendered":"Hoy hace 95 a\u00f1os. Betis 3 Deportivo 1."},"content":{"rendered":"<p><a href=\"https:\/\/i0.wp.com\/www.manquepierda.com\/historiarealbetis\/files\/2020\/02\/9-1930-Betis-3-Deportivo-1-.jpg?ssl=1\"><img data-recalc-dims=\"1\" loading=\"lazy\" decoding=\"async\" class=\"aligncenter size-medium wp-image-74095\" src=\"https:\/\/i0.wp.com\/www.manquepierda.com\/historiarealbetis\/files\/2020\/02\/9-1930-Betis-3-Deportivo-1-.jpg?resize=680%2C453&#038;ssl=1\" alt=\"\" width=\"680\" height=\"453\" srcset=\"https:\/\/i0.wp.com\/www.manquepierda.com\/historiarealbetis\/files\/2020\/02\/9-1930-Betis-3-Deportivo-1-.jpg?resize=680%2C453&amp;ssl=1 680w, https:\/\/i0.wp.com\/www.manquepierda.com\/historiarealbetis\/files\/2020\/02\/9-1930-Betis-3-Deportivo-1-.jpg?resize=220%2C147&amp;ssl=1 220w, https:\/\/i0.wp.com\/www.manquepierda.com\/historiarealbetis\/files\/2020\/02\/9-1930-Betis-3-Deportivo-1-.jpg?resize=768%2C511&amp;ssl=1 768w, https:\/\/i0.wp.com\/www.manquepierda.com\/historiarealbetis\/files\/2020\/02\/9-1930-Betis-3-Deportivo-1-.jpg?w=892&amp;ssl=1 892w\" sizes=\"auto, (max-width: 680px) 100vw, 680px\" \/><\/a><\/p>\n<p><span style=\"color: #008000\">El 9 de marzo de 1930 el Betis derrota 3-1 al Deportivo de La Coru\u00f1a en partido de la jornada 15 del Campeonato de Liga de Segunda Divisi\u00f3n.<\/span><\/p>\n<p><span style=\"color: #008000\">Una muy buena primera parte del equipo verdiblanco, con goles de Soler en el minuto 5, Herrera en el 20 y De la Hoz en el 35, mientras que Torres hizo el gol gallego.<\/span><\/p>\n<p><span style=\"color: #008000\">El Betis, dirigido por Juan Armet \u201cKink\u00e9\u201d, aline\u00f3 a Pedrosa; Tondo, Jesus\u00edn; Regueiro, Angelillo, Adolfito; Soler, Altuna, Enrique, Herrera y De la Hoz.<\/span><\/p>\n<p><span style=\"color: #008000\">El Deportivo, entrenado por F\u00e9lix Gila, form\u00f3 con Isidro; Vasco, Alejandro; Jacobo, Esparza, Fari\u00f1a; Torres, Ram\u00f3n, Triana, Hilario y Rubio.<\/span><\/p>\n","protected":false},"excerpt":{"rendered":"<p>El 9 de marzo de 1930 el Betis derrota 3-1 al Deportivo de La Coru\u00f1a en partido de la jornada 15 del Campeonato de Liga de Segunda Divisi\u00f3n. Una muy buena primera parte del equipo verdiblanco, con goles de Soler en el minuto 5, Herrera en el 20 y De la Hoz en el 35,&#8230;<\/p>\n","protected":false},"author":5,"featured_media":74095,"comment_status":"open","ping_status":"open","sticky":false,"template":"","format":"standard","meta":{"_kad_post_transparent":"","_kad_post_title":"","_kad_post_layout":"","_kad_post_sidebar_id":"","_kad_post_content_style":"","_kad_post_vertical_padding":"","_kad_post_feature":"","_kad_post_feature_position":"","_kad_post_header":false,"_kad_post_footer":false,"_kad_post_classname":"","_jetpack_memberships_contains_paid_content":false,"footnotes":"","jetpack_publicize_message":"","jetpack_publicize_feature_enabled":true,"jetpack_social_post_already_shared":true,"jetpack_social_options":{"image_generator_settings":{"template":"highway","default_image_id":0,"font":"","enabled":false},"version":2}},"categories":[899,14583,1],"tags":[17767,18009,16882],"class_list":["post-74094","post","type-post","status-publish","format-standard","has-post-thumbnail","hentry","category-1930-1939","category-efemerides","category-portada","tag-17767","tag-liga-segunda-1929-30","tag-real-club-deportivo-la-coruna"],"jetpack_publicize_connections":[],"jetpack_featured_media_url":"https:\/\/i0.wp.com\/www.manquepierda.com\/historiarealbetis\/files\/2020\/02\/9-1930-Betis-3-Deportivo-1-.jpg?fit=892%2C594&ssl=1","jetpack_sharing_enabled":true,"jetpack_shortlink":"https:\/\/wp.me\/p1ij08-jh4","jetpack-related-posts":[],"_links":{"self":[{"href":"https:\/\/www.manquepierda.com\/historiarealbetis\/wp-json\/wp\/v2\/posts\/74094","targetHints":{"allow":["GET"]}}],"collection":[{"href":"https:\/\/www.manquepierda.com\/historiarealbetis\/wp-json\/wp\/v2\/posts"}],"about":[{"href":"https:\/\/www.manquepierda.com\/historiarealbetis\/wp-json\/wp\/v2\/types\/post"}],"author":[{"embeddable":true,"href":"https:\/\/www.manquepierda.com\/historiarealbetis\/wp-json\/wp\/v2\/users\/5"}],"replies":[{"embeddable":true,"href":"https:\/\/www.manquepierda.com\/historiarealbetis\/wp-json\/wp\/v2\/comments?post=74094"}],"version-history":[{"count":2,"href":"https:\/\/www.manquepierda.com\/historiarealbetis\/wp-json\/wp\/v2\/posts\/74094\/revisions"}],"predecessor-version":[{"id":102031,"href":"https:\/\/www.manquepierda.com\/historiarealbetis\/wp-json\/wp\/v2\/posts\/74094\/revisions\/102031"}],"wp:featuredmedia":[{"embeddable":true,"href":"https:\/\/www.manquepierda.com\/historiarealbetis\/wp-json\/wp\/v2\/media\/74095"}],"wp:attachment":[{"href":"https:\/\/www.manquepierda.com\/historiarealbetis\/wp-json\/wp\/v2\/media?parent=74094"}],"wp:term":[{"taxonomy":"category","embeddable":true,"href":"https:\/\/www.manquepierda.com\/historiarealbetis\/wp-json\/wp\/v2\/categories?post=74094"},{"taxonomy":"post_tag","embeddable":true,"href":"https:\/\/www.manquepierda.com\/historiarealbetis\/wp-json\/wp\/v2\/tags?post=74094"}],"curies":[{"name":"wp","href":"https:\/\/api.w.org\/{rel}","templated":true}]}}