{"id":7410,"date":"2011-01-02T13:03:21","date_gmt":"2011-01-02T13:03:21","guid":{"rendered":"http:\/\/www.manquepierda.com\/?p=7410"},"modified":"2024-08-09T11:49:30","modified_gmt":"2024-08-09T09:49:30","slug":"barcelona-betis-liga-1958","status":"publish","type":"post","link":"https:\/\/www.manquepierda.com\/historiarealbetis\/barcelona-betis-liga-1958\/","title":{"rendered":"Barcelona-Betis Liga 1958"},"content":{"rendered":"<figure id=\"attachment_7411\" aria-describedby=\"caption-attachment-7411\" style=\"width: 300px\" class=\"wp-caption aligncenter\"><a class=\"lightbox\" title=\"Barcelona-Betis 1958\" href=\"http:\/\/www.manquepierda.com\/?attachment_id=7411\"><img data-recalc-dims=\"1\" loading=\"lazy\" decoding=\"async\" class=\"size-medium wp-image-7411\" src=\"https:\/\/i0.wp.com\/www.manquepierda.com\/wordpress\/wp-content\/uploads\/2010\/12\/Barcelona-Betis-1958-300x201.jpg?resize=300%2C201\" alt=\"Fuente: Marca 26 de Noviembre de 1958\" width=\"300\" height=\"201\" srcset=\"https:\/\/i0.wp.com\/www.manquepierda.com\/historiarealbetis\/files\/2010\/12\/Barcelona-Betis-1958.jpg?resize=300%2C201&amp;ssl=1 300w, https:\/\/i0.wp.com\/www.manquepierda.com\/historiarealbetis\/files\/2010\/12\/Barcelona-Betis-1958.jpg?w=487&amp;ssl=1 487w\" sizes=\"auto, (max-width: 300px) 100vw, 300px\" \/><\/a><figcaption id=\"caption-attachment-7411\" class=\"wp-caption-text\">Fuente: Marca 26 de Noviembre de 1958<\/figcaption><\/figure>\n<p>23 de Noviembre de 1958 en el Nou Camp\u00a0\u00a0 Barcelona\u00a0 4 Betis 1 ; jornada 11 del Campeonato de Liga de Primera Divisi\u00f3n.<\/p>\n<p>En la imagen Ladislao Kubala remata al poste de la porter\u00eda b\u00e9tica defendida por Men\u00e9ndez y ante la oposici\u00f3n de Eusebio R\u00edos.<\/p>\n<p>Luis Su\u00e1rez, Kocsis, Evaristo y Kubala marcaron por los azulgranas, y el brasile\u00f1o Moreira por el Betis.<\/p>\n","protected":false},"excerpt":{"rendered":"<p>23 de Noviembre de 1958 en el Nou Camp\u00a0\u00a0 Barcelona\u00a0 4 Betis 1 ; jornada 11 del Campeonato de Liga de Primera Divisi\u00f3n. En la imagen Ladislao Kubala remata al poste de la porter\u00eda b\u00e9tica defendida por Men\u00e9ndez y ante la oposici\u00f3n de Eusebio R\u00edos. Luis Su\u00e1rez, Kocsis, Evaristo y Kubala marcaron por los azulgranas,&#8230;<\/p>\n","protected":false},"author":5,"featured_media":7411,"comment_status":"open","ping_status":"open","sticky":false,"template":"","format":"standard","meta":{"_kad_post_transparent":"","_kad_post_title":"","_kad_post_layout":"","_kad_post_sidebar_id":"","_kad_post_content_style":"","_kad_post_vertical_padding":"","_kad_post_feature":"","_kad_post_feature_position":"","_kad_post_header":false,"_kad_post_footer":false,"_kad_post_classname":"","_jetpack_memberships_contains_paid_content":false,"footnotes":"","jetpack_publicize_message":"","jetpack_publicize_feature_enabled":true,"jetpack_social_post_already_shared":false,"jetpack_social_options":{"image_generator_settings":{"template":"highway","default_image_id":0,"font":"","enabled":false},"version":2}},"categories":[901],"tags":[1237,2248,1212,1154,1534,17789],"class_list":["post-7410","post","type-post","status-publish","format-standard","has-post-thumbnail","hentry","category-1950-1959","tag-1237","tag-1958-59","tag-eusebio-rios","tag-fc-barcelona","tag-ladislao-kubala","tag-liga-primera-1958-59"],"jetpack_publicize_connections":[],"jetpack_featured_media_url":"https:\/\/i0.wp.com\/www.manquepierda.com\/historiarealbetis\/files\/2010\/12\/Barcelona-Betis-1958.jpg?fit=487%2C327&ssl=1","jetpack_sharing_enabled":true,"jetpack_shortlink":"https:\/\/wp.me\/p1ij08-1Vw","jetpack-related-posts":[],"_links":{"self":[{"href":"https:\/\/www.manquepierda.com\/historiarealbetis\/wp-json\/wp\/v2\/posts\/7410","targetHints":{"allow":["GET"]}}],"collection":[{"href":"https:\/\/www.manquepierda.com\/historiarealbetis\/wp-json\/wp\/v2\/posts"}],"about":[{"href":"https:\/\/www.manquepierda.com\/historiarealbetis\/wp-json\/wp\/v2\/types\/post"}],"author":[{"embeddable":true,"href":"https:\/\/www.manquepierda.com\/historiarealbetis\/wp-json\/wp\/v2\/users\/5"}],"replies":[{"embeddable":true,"href":"https:\/\/www.manquepierda.com\/historiarealbetis\/wp-json\/wp\/v2\/comments?post=7410"}],"version-history":[{"count":1,"href":"https:\/\/www.manquepierda.com\/historiarealbetis\/wp-json\/wp\/v2\/posts\/7410\/revisions"}],"predecessor-version":[{"id":95687,"href":"https:\/\/www.manquepierda.com\/historiarealbetis\/wp-json\/wp\/v2\/posts\/7410\/revisions\/95687"}],"wp:featuredmedia":[{"embeddable":true,"href":"https:\/\/www.manquepierda.com\/historiarealbetis\/wp-json\/wp\/v2\/media\/7411"}],"wp:attachment":[{"href":"https:\/\/www.manquepierda.com\/historiarealbetis\/wp-json\/wp\/v2\/media?parent=7410"}],"wp:term":[{"taxonomy":"category","embeddable":true,"href":"https:\/\/www.manquepierda.com\/historiarealbetis\/wp-json\/wp\/v2\/categories?post=7410"},{"taxonomy":"post_tag","embeddable":true,"href":"https:\/\/www.manquepierda.com\/historiarealbetis\/wp-json\/wp\/v2\/tags?post=7410"}],"curies":[{"name":"wp","href":"https:\/\/api.w.org\/{rel}","templated":true}]}}