{"id":74323,"date":"2025-03-27T12:00:00","date_gmt":"2025-03-27T11:00:00","guid":{"rendered":"http:\/\/www.manquepierda.com\/historiarealbetis\/?p=74323"},"modified":"2025-02-16T14:42:59","modified_gmt":"2025-02-16T13:42:59","slug":"hoy-hace-10-anos-debut-de-sergio-leon","status":"publish","type":"post","link":"https:\/\/www.manquepierda.com\/historiarealbetis\/hoy-hace-10-anos-debut-de-sergio-leon\/","title":{"rendered":"Hoy hace 15 a\u00f1os. Debut de Sergio Le\u00f3n."},"content":{"rendered":"<p><a href=\"https:\/\/i0.wp.com\/www.manquepierda.com\/historiarealbetis\/files\/2020\/03\/27-2010-Debut-de-Sergio-Le%C3%B3n-.jpg?ssl=1\"><img data-recalc-dims=\"1\" loading=\"lazy\" decoding=\"async\" class=\"aligncenter size-medium wp-image-74324\" src=\"https:\/\/i0.wp.com\/www.manquepierda.com\/historiarealbetis\/files\/2020\/03\/27-2010-Debut-de-Sergio-Le%C3%B3n-.jpg?resize=680%2C399&#038;ssl=1\" alt=\"\" width=\"680\" height=\"399\" srcset=\"https:\/\/i0.wp.com\/www.manquepierda.com\/historiarealbetis\/files\/2020\/03\/27-2010-Debut-de-Sergio-Le%C3%B3n-.jpg?resize=680%2C399&amp;ssl=1 680w, https:\/\/i0.wp.com\/www.manquepierda.com\/historiarealbetis\/files\/2020\/03\/27-2010-Debut-de-Sergio-Le%C3%B3n-.jpg?resize=220%2C129&amp;ssl=1 220w, https:\/\/i0.wp.com\/www.manquepierda.com\/historiarealbetis\/files\/2020\/03\/27-2010-Debut-de-Sergio-Le%C3%B3n-.jpg?resize=768%2C451&amp;ssl=1 768w, https:\/\/i0.wp.com\/www.manquepierda.com\/historiarealbetis\/files\/2020\/03\/27-2010-Debut-de-Sergio-Le%C3%B3n-.jpg?w=954&amp;ssl=1 954w\" sizes=\"auto, (max-width: 680px) 100vw, 680px\" \/><\/a><\/p>\n<p><span style=\"color: #008000\">El 27 de marzo de 2010 debuta en partido oficial con el Real Betis Balompi\u00e9 Sergio Le\u00f3n Limones, en el encuentro de la jornada 30 del Campeonato de Liga de Segunda Divisi\u00f3n que enfrenta a Betis y Girona en el Ruiz de Lopera.<\/span><\/p>\n<p><span style=\"color: #008000\">Sergio Le\u00f3n ten\u00eda 21 a\u00f1os cuando debut\u00f3 en el minuto 64 supliendo a Juanma, y proced\u00eda de la cantera b\u00e9tica.\u00a0<\/span><\/p>\n","protected":false},"excerpt":{"rendered":"<p>El 27 de marzo de 2010 debuta en partido oficial con el Real Betis Balompi\u00e9 Sergio Le\u00f3n Limones, en el encuentro de la jornada 30 del Campeonato de Liga de Segunda Divisi\u00f3n que enfrenta a Betis y Girona en el Ruiz de Lopera. Sergio Le\u00f3n ten\u00eda 21 a\u00f1os cuando debut\u00f3 en el minuto 64 supliendo&#8230;<\/p>\n","protected":false},"author":5,"featured_media":74324,"comment_status":"open","ping_status":"open","sticky":false,"template":"","format":"standard","meta":{"_kad_post_transparent":"","_kad_post_title":"","_kad_post_layout":"","_kad_post_sidebar_id":"","_kad_post_content_style":"","_kad_post_vertical_padding":"","_kad_post_feature":"","_kad_post_feature_position":"","_kad_post_header":false,"_kad_post_footer":false,"_kad_post_classname":"","_jetpack_memberships_contains_paid_content":false,"footnotes":"","jetpack_publicize_message":"","jetpack_publicize_feature_enabled":true,"jetpack_social_post_already_shared":true,"jetpack_social_options":{"image_generator_settings":{"template":"highway","default_image_id":0,"font":"","enabled":false},"version":2}},"categories":[4823,14583,1],"tags":[12046,17948,11681],"class_list":["post-74323","post","type-post","status-publish","format-standard","has-post-thumbnail","hentry","category-2000-2009","category-efemerides","category-portada","tag-12046","tag-liga-segunda-2009-10","tag-sergio-leon"],"jetpack_publicize_connections":[],"jetpack_featured_media_url":"https:\/\/i0.wp.com\/www.manquepierda.com\/historiarealbetis\/files\/2020\/03\/27-2010-Debut-de-Sergio-Le%C3%B3n-.jpg?fit=954%2C560&ssl=1","jetpack_sharing_enabled":true,"jetpack_shortlink":"https:\/\/wp.me\/p1ij08-jkL","jetpack-related-posts":[],"_links":{"self":[{"href":"https:\/\/www.manquepierda.com\/historiarealbetis\/wp-json\/wp\/v2\/posts\/74323","targetHints":{"allow":["GET"]}}],"collection":[{"href":"https:\/\/www.manquepierda.com\/historiarealbetis\/wp-json\/wp\/v2\/posts"}],"about":[{"href":"https:\/\/www.manquepierda.com\/historiarealbetis\/wp-json\/wp\/v2\/types\/post"}],"author":[{"embeddable":true,"href":"https:\/\/www.manquepierda.com\/historiarealbetis\/wp-json\/wp\/v2\/users\/5"}],"replies":[{"embeddable":true,"href":"https:\/\/www.manquepierda.com\/historiarealbetis\/wp-json\/wp\/v2\/comments?post=74323"}],"version-history":[{"count":2,"href":"https:\/\/www.manquepierda.com\/historiarealbetis\/wp-json\/wp\/v2\/posts\/74323\/revisions"}],"predecessor-version":[{"id":102051,"href":"https:\/\/www.manquepierda.com\/historiarealbetis\/wp-json\/wp\/v2\/posts\/74323\/revisions\/102051"}],"wp:featuredmedia":[{"embeddable":true,"href":"https:\/\/www.manquepierda.com\/historiarealbetis\/wp-json\/wp\/v2\/media\/74324"}],"wp:attachment":[{"href":"https:\/\/www.manquepierda.com\/historiarealbetis\/wp-json\/wp\/v2\/media?parent=74323"}],"wp:term":[{"taxonomy":"category","embeddable":true,"href":"https:\/\/www.manquepierda.com\/historiarealbetis\/wp-json\/wp\/v2\/categories?post=74323"},{"taxonomy":"post_tag","embeddable":true,"href":"https:\/\/www.manquepierda.com\/historiarealbetis\/wp-json\/wp\/v2\/tags?post=74323"}],"curies":[{"name":"wp","href":"https:\/\/api.w.org\/{rel}","templated":true}]}}