{"id":74353,"date":"2020-03-19T09:41:37","date_gmt":"2020-03-19T08:41:37","guid":{"rendered":"http:\/\/www.manquepierda.com\/historiarealbetis\/?p=74353"},"modified":"2024-08-16T20:16:17","modified_gmt":"2024-08-16T18:16:17","slug":"sporting-betis-liga-1982","status":"publish","type":"post","link":"https:\/\/www.manquepierda.com\/historiarealbetis\/sporting-betis-liga-1982\/","title":{"rendered":"Sporting-Betis Liga 1982"},"content":{"rendered":"<p><a href=\"https:\/\/i0.wp.com\/www.manquepierda.com\/historiarealbetis\/files\/2020\/03\/FB_IMG_1519504713758.jpg?ssl=1\"><img data-recalc-dims=\"1\" loading=\"lazy\" decoding=\"async\" class=\"aligncenter size-medium wp-image-74354\" src=\"https:\/\/i0.wp.com\/www.manquepierda.com\/historiarealbetis\/files\/2020\/03\/FB_IMG_1519504713758.jpg?resize=680%2C514&#038;ssl=1\" alt=\"\" width=\"680\" height=\"514\" srcset=\"https:\/\/i0.wp.com\/www.manquepierda.com\/historiarealbetis\/files\/2020\/03\/FB_IMG_1519504713758.jpg?resize=680%2C514&amp;ssl=1 680w, https:\/\/i0.wp.com\/www.manquepierda.com\/historiarealbetis\/files\/2020\/03\/FB_IMG_1519504713758.jpg?resize=926%2C700&amp;ssl=1 926w, https:\/\/i0.wp.com\/www.manquepierda.com\/historiarealbetis\/files\/2020\/03\/FB_IMG_1519504713758.jpg?resize=220%2C166&amp;ssl=1 220w, https:\/\/i0.wp.com\/www.manquepierda.com\/historiarealbetis\/files\/2020\/03\/FB_IMG_1519504713758.jpg?resize=768%2C580&amp;ssl=1 768w, https:\/\/i0.wp.com\/www.manquepierda.com\/historiarealbetis\/files\/2020\/03\/FB_IMG_1519504713758.jpg?w=1028&amp;ssl=1 1028w\" sizes=\"auto, (max-width: 680px) 100vw, 680px\" \/><\/a><\/p>\n<p>3 de octubre de 1982 en El Molin\u00f3n Sporting de Gij\u00f3n\u00a0 2\u00a0 \u00a0Betis 2; jornada 5 del Campeonato de Liga de Primera Divisi\u00f3n.<\/p>\n<p>En la imagen los capitanes del Betis, Julio Carde\u00f1osa, y del Sporting de Gij\u00f3n, Jes\u00fas Castro, con el tr\u00edo arbitral encabezado por el colegiado valenciano Jos\u00e9 Pinter Pastor.<\/p>\n<p>Rinc\u00f3n adelant\u00f3 al Betis con dos goles en los minutos 21 y 54, empatando el Sporting con tantos de Redondo en el 63 y Abel en el 79.<\/p>\n<p>Vujadin Boskov entrenaba al Sporting y Antal Dunai al Betis.<\/p>\n","protected":false},"excerpt":{"rendered":"<p>3 de octubre de 1982 en El Molin\u00f3n Sporting de Gij\u00f3n\u00a0 2\u00a0 \u00a0Betis 2; jornada 5 del Campeonato de Liga de Primera Divisi\u00f3n. En la imagen los capitanes del Betis, Julio Carde\u00f1osa, y del Sporting de Gij\u00f3n, Jes\u00fas Castro, con el tr\u00edo arbitral encabezado por el colegiado valenciano Jos\u00e9 Pinter Pastor. Rinc\u00f3n adelant\u00f3 al Betis&#8230;<\/p>\n","protected":false},"author":5,"featured_media":74354,"comment_status":"open","ping_status":"open","sticky":false,"template":"","format":"standard","meta":{"_kad_post_transparent":"","_kad_post_title":"","_kad_post_layout":"","_kad_post_sidebar_id":"","_kad_post_content_style":"","_kad_post_vertical_padding":"","_kad_post_feature":"","_kad_post_feature_position":"","_kad_post_header":false,"_kad_post_footer":false,"_kad_post_classname":"","_jetpack_memberships_contains_paid_content":false,"footnotes":"","jetpack_publicize_message":"","jetpack_publicize_feature_enabled":true,"jetpack_social_post_already_shared":true,"jetpack_social_options":{"image_generator_settings":{"template":"highway","default_image_id":0,"font":"","enabled":false},"version":2}},"categories":[904,1],"tags":[1218,2186,17024,17023,1155,17848,15721],"class_list":["post-74353","post","type-post","status-publish","format-standard","has-post-thumbnail","hentry","category-1980-1989","category-portada","tag-1218","tag-1982-83","tag-jesus-castro","tag-jose-pinter-pastor","tag-julio-cardenosa","tag-liga-primera-1982-83","tag-real-sporting-gijon"],"jetpack_publicize_connections":[],"jetpack_featured_media_url":"https:\/\/i0.wp.com\/www.manquepierda.com\/historiarealbetis\/files\/2020\/03\/FB_IMG_1519504713758.jpg?fit=1028%2C777&ssl=1","jetpack_sharing_enabled":true,"jetpack_shortlink":"https:\/\/wp.me\/p1ij08-jlf","jetpack-related-posts":[],"_links":{"self":[{"href":"https:\/\/www.manquepierda.com\/historiarealbetis\/wp-json\/wp\/v2\/posts\/74353","targetHints":{"allow":["GET"]}}],"collection":[{"href":"https:\/\/www.manquepierda.com\/historiarealbetis\/wp-json\/wp\/v2\/posts"}],"about":[{"href":"https:\/\/www.manquepierda.com\/historiarealbetis\/wp-json\/wp\/v2\/types\/post"}],"author":[{"embeddable":true,"href":"https:\/\/www.manquepierda.com\/historiarealbetis\/wp-json\/wp\/v2\/users\/5"}],"replies":[{"embeddable":true,"href":"https:\/\/www.manquepierda.com\/historiarealbetis\/wp-json\/wp\/v2\/comments?post=74353"}],"version-history":[{"count":1,"href":"https:\/\/www.manquepierda.com\/historiarealbetis\/wp-json\/wp\/v2\/posts\/74353\/revisions"}],"predecessor-version":[{"id":96903,"href":"https:\/\/www.manquepierda.com\/historiarealbetis\/wp-json\/wp\/v2\/posts\/74353\/revisions\/96903"}],"wp:featuredmedia":[{"embeddable":true,"href":"https:\/\/www.manquepierda.com\/historiarealbetis\/wp-json\/wp\/v2\/media\/74354"}],"wp:attachment":[{"href":"https:\/\/www.manquepierda.com\/historiarealbetis\/wp-json\/wp\/v2\/media?parent=74353"}],"wp:term":[{"taxonomy":"category","embeddable":true,"href":"https:\/\/www.manquepierda.com\/historiarealbetis\/wp-json\/wp\/v2\/categories?post=74353"},{"taxonomy":"post_tag","embeddable":true,"href":"https:\/\/www.manquepierda.com\/historiarealbetis\/wp-json\/wp\/v2\/tags?post=74353"}],"curies":[{"name":"wp","href":"https:\/\/api.w.org\/{rel}","templated":true}]}}