{"id":74554,"date":"2025-04-08T12:00:00","date_gmt":"2025-04-08T10:00:00","guid":{"rendered":"http:\/\/www.manquepierda.com\/historiarealbetis\/?p=74554"},"modified":"2025-03-08T17:53:46","modified_gmt":"2025-03-08T16:53:46","slug":"hoy-hace-30-anos-betis-2-elche-o","status":"publish","type":"post","link":"https:\/\/www.manquepierda.com\/historiarealbetis\/hoy-hace-30-anos-betis-2-elche-o\/","title":{"rendered":"Hoy hace 35 a\u00f1os. Betis 2 Elche o."},"content":{"rendered":"<div class=\"wp-block-image\">\n<figure class=\"aligncenter size-thumbnail is-resized\"><img data-recalc-dims=\"1\" loading=\"lazy\" decoding=\"async\" width=\"220\" height=\"153\" src=\"https:\/\/i0.wp.com\/www.manquepierda.com\/historiarealbetis\/files\/2025\/04\/8-1990-Betis-2-Elche-0.jpg?resize=220%2C153&#038;ssl=1\" alt=\"\" class=\"wp-image-102328\" style=\"width:392px;height:auto\" srcset=\"https:\/\/i0.wp.com\/www.manquepierda.com\/historiarealbetis\/files\/2025\/04\/8-1990-Betis-2-Elche-0.jpg?resize=220%2C153&amp;ssl=1 220w, https:\/\/i0.wp.com\/www.manquepierda.com\/historiarealbetis\/files\/2025\/04\/8-1990-Betis-2-Elche-0.jpg?w=653&amp;ssl=1 653w\" sizes=\"auto, (max-width: 220px) 100vw, 220px\" \/><\/figure>\n<\/div>\n\n<p>\u00a0<\/p>\n<p><span style=\"color: #008000\">El 8 de abril de 1990 el Betis vence 2-0 en el Villamar\u00edn al Elche en partido de la jornada 31 del Campeonato de Liga de Segunda Divisi\u00f3n. Un encuentro disputado por la ma\u00f1ana por ser Domingo de Ramos.<\/span><\/p>\n<p><span style=\"color: #008000\">Mel fue el autor de los dos goles b\u00e9ticos en los minutos 22 y 52.<\/span><\/p>\n<p><span style=\"color: #008000\">El Betis, entrenado por Juan Corbacho, aline\u00f3 a Pumpido; Job, Julio, Ure\u00f1a, Miguel Angel II, Recha; Monsalvete, Chano, Puma Rodr\u00edguez (72, Neimann); Mel y Melenas (78, Zafra).<\/span><\/p>\n<p><span style=\"color: #008000\">El Elche, dirigido por Evaristo Carri\u00f3, jug\u00f3 con C\u00e9sar; S\u00e1nchez (55, Puche I), Tino, Bellido, Cepeda; Jes\u00fas, Cap\u00f3n, Torres, Ortega; Puche II (77, Cartagena) y Cresp\u00edn.\u00a0<\/span><\/p>","protected":false},"excerpt":{"rendered":"<p>\u00a0 El 8 de abril de 1990 el Betis vence 2-0 en el Villamar\u00edn al Elche en partido de la jornada 31 del Campeonato de Liga de Segunda Divisi\u00f3n. Un encuentro disputado por la ma\u00f1ana por ser Domingo de Ramos. Mel fue el autor de los dos goles b\u00e9ticos en los minutos 22 y 52&#8230;.<\/p>\n","protected":false},"author":5,"featured_media":102328,"comment_status":"open","ping_status":"open","sticky":false,"template":"","format":"standard","meta":{"_kad_post_transparent":"","_kad_post_title":"","_kad_post_layout":"","_kad_post_sidebar_id":"","_kad_post_content_style":"","_kad_post_vertical_padding":"","_kad_post_feature":"","_kad_post_feature_position":"","_kad_post_header":false,"_kad_post_footer":false,"_kad_post_classname":"","_jetpack_memberships_contains_paid_content":false,"footnotes":"","jetpack_publicize_message":"","jetpack_publicize_feature_enabled":true,"jetpack_social_post_already_shared":true,"jetpack_social_options":{"image_generator_settings":{"template":"highway","default_image_id":0,"font":"","enabled":false},"version":2}},"categories":[905,14583,1],"tags":[2421,1378],"class_list":["post-74554","post","type-post","status-publish","format-standard","has-post-thumbnail","hentry","category-1990-1999","category-efemerides","category-portada","tag-2421","tag-elche-cf"],"jetpack_publicize_connections":[],"jetpack_featured_media_url":"https:\/\/i0.wp.com\/www.manquepierda.com\/historiarealbetis\/files\/2025\/04\/8-1990-Betis-2-Elche-0.jpg?fit=653%2C455&ssl=1","jetpack_sharing_enabled":true,"jetpack_shortlink":"https:\/\/wp.me\/p1ij08-jou","jetpack-related-posts":[],"_links":{"self":[{"href":"https:\/\/www.manquepierda.com\/historiarealbetis\/wp-json\/wp\/v2\/posts\/74554","targetHints":{"allow":["GET"]}}],"collection":[{"href":"https:\/\/www.manquepierda.com\/historiarealbetis\/wp-json\/wp\/v2\/posts"}],"about":[{"href":"https:\/\/www.manquepierda.com\/historiarealbetis\/wp-json\/wp\/v2\/types\/post"}],"author":[{"embeddable":true,"href":"https:\/\/www.manquepierda.com\/historiarealbetis\/wp-json\/wp\/v2\/users\/5"}],"replies":[{"embeddable":true,"href":"https:\/\/www.manquepierda.com\/historiarealbetis\/wp-json\/wp\/v2\/comments?post=74554"}],"version-history":[{"count":2,"href":"https:\/\/www.manquepierda.com\/historiarealbetis\/wp-json\/wp\/v2\/posts\/74554\/revisions"}],"predecessor-version":[{"id":102329,"href":"https:\/\/www.manquepierda.com\/historiarealbetis\/wp-json\/wp\/v2\/posts\/74554\/revisions\/102329"}],"wp:featuredmedia":[{"embeddable":true,"href":"https:\/\/www.manquepierda.com\/historiarealbetis\/wp-json\/wp\/v2\/media\/102328"}],"wp:attachment":[{"href":"https:\/\/www.manquepierda.com\/historiarealbetis\/wp-json\/wp\/v2\/media?parent=74554"}],"wp:term":[{"taxonomy":"category","embeddable":true,"href":"https:\/\/www.manquepierda.com\/historiarealbetis\/wp-json\/wp\/v2\/categories?post=74554"},{"taxonomy":"post_tag","embeddable":true,"href":"https:\/\/www.manquepierda.com\/historiarealbetis\/wp-json\/wp\/v2\/tags?post=74554"}],"curies":[{"name":"wp","href":"https:\/\/api.w.org\/{rel}","templated":true}]}}