{"id":74638,"date":"2020-04-25T12:00:51","date_gmt":"2020-04-25T10:00:51","guid":{"rendered":"http:\/\/www.manquepierda.com\/historiarealbetis\/?p=74638"},"modified":"2024-08-14T17:34:52","modified_gmt":"2024-08-14T15:34:52","slug":"hoy-hace-56-anos-debut-de-dioni","status":"publish","type":"post","link":"https:\/\/www.manquepierda.com\/historiarealbetis\/hoy-hace-56-anos-debut-de-dioni\/","title":{"rendered":"Hoy hace 56 a\u00f1os. Debut de Dioni."},"content":{"rendered":"<p><a href=\"https:\/\/i0.wp.com\/www.manquepierda.com\/historiarealbetis\/files\/2020\/04\/Dioni.jpg?ssl=1\"><img data-recalc-dims=\"1\" loading=\"lazy\" decoding=\"async\" class=\"aligncenter size-full wp-image-74640\" src=\"https:\/\/i0.wp.com\/www.manquepierda.com\/historiarealbetis\/files\/2020\/04\/Dioni.jpg?resize=331%2C413&#038;ssl=1\" alt=\"\" width=\"331\" height=\"413\" srcset=\"https:\/\/i0.wp.com\/www.manquepierda.com\/historiarealbetis\/files\/2020\/04\/Dioni.jpg?w=331&amp;ssl=1 331w, https:\/\/i0.wp.com\/www.manquepierda.com\/historiarealbetis\/files\/2020\/04\/Dioni.jpg?resize=176%2C220&amp;ssl=1 176w\" sizes=\"auto, (max-width: 331px) 100vw, 331px\" \/><\/a><\/p>\n<p><span style=\"color: #008000\">El 25 de abril de 1964 debuta en partido oficial con el Real Betis Balompi\u00e9 Dionisio G\u00f3mez Alfaro \u201cDioni\u201d, en el partido de la jornada 30 del Campeonato de Liga de Primera Divisi\u00f3n que enfrenta a Betis y Barcelona en el Villamar\u00edn.<\/span><\/p>\n<p><span style=\"color: #008000\">Cuando Dioni debut\u00f3 con el Betis ten\u00eda 18 a\u00f1os y proced\u00eda del filial verdiblanco de la \u00e9poca, el Triana Balompi\u00e9.<\/span><\/p>\n","protected":false},"excerpt":{"rendered":"<p>El 25 de abril de 1964 debuta en partido oficial con el Real Betis Balompi\u00e9 Dionisio G\u00f3mez Alfaro \u201cDioni\u201d, en el partido de la jornada 30 del Campeonato de Liga de Primera Divisi\u00f3n que enfrenta a Betis y Barcelona en el Villamar\u00edn. Cuando Dioni debut\u00f3 con el Betis ten\u00eda 18 a\u00f1os y proced\u00eda del filial&#8230;<\/p>\n","protected":false},"author":5,"featured_media":74640,"comment_status":"open","ping_status":"open","sticky":false,"template":"","format":"standard","meta":{"_kad_post_transparent":"","_kad_post_title":"","_kad_post_layout":"","_kad_post_sidebar_id":"","_kad_post_content_style":"","_kad_post_vertical_padding":"","_kad_post_feature":"","_kad_post_feature_position":"","_kad_post_header":false,"_kad_post_footer":false,"_kad_post_classname":"","_jetpack_memberships_contains_paid_content":false,"footnotes":"","jetpack_publicize_message":"","jetpack_publicize_feature_enabled":true,"jetpack_social_post_already_shared":true,"jetpack_social_options":{"image_generator_settings":{"template":"highway","default_image_id":0,"font":"","enabled":false},"version":2}},"categories":[902,14583,1],"tags":[4033,3277,17829],"class_list":["post-74638","post","type-post","status-publish","format-standard","has-post-thumbnail","hentry","category-1960-1969","category-efemerides","category-portada","tag-4033","tag-dionisio-gomez-dioni","tag-liga-primera-1963-64"],"jetpack_publicize_connections":[],"jetpack_featured_media_url":"https:\/\/i0.wp.com\/www.manquepierda.com\/historiarealbetis\/files\/2020\/04\/Dioni.jpg?fit=331%2C413&ssl=1","jetpack_sharing_enabled":true,"jetpack_shortlink":"https:\/\/wp.me\/p1ij08-jpQ","jetpack-related-posts":[],"_links":{"self":[{"href":"https:\/\/www.manquepierda.com\/historiarealbetis\/wp-json\/wp\/v2\/posts\/74638","targetHints":{"allow":["GET"]}}],"collection":[{"href":"https:\/\/www.manquepierda.com\/historiarealbetis\/wp-json\/wp\/v2\/posts"}],"about":[{"href":"https:\/\/www.manquepierda.com\/historiarealbetis\/wp-json\/wp\/v2\/types\/post"}],"author":[{"embeddable":true,"href":"https:\/\/www.manquepierda.com\/historiarealbetis\/wp-json\/wp\/v2\/users\/5"}],"replies":[{"embeddable":true,"href":"https:\/\/www.manquepierda.com\/historiarealbetis\/wp-json\/wp\/v2\/comments?post=74638"}],"version-history":[{"count":1,"href":"https:\/\/www.manquepierda.com\/historiarealbetis\/wp-json\/wp\/v2\/posts\/74638\/revisions"}],"predecessor-version":[{"id":88766,"href":"https:\/\/www.manquepierda.com\/historiarealbetis\/wp-json\/wp\/v2\/posts\/74638\/revisions\/88766"}],"wp:featuredmedia":[{"embeddable":true,"href":"https:\/\/www.manquepierda.com\/historiarealbetis\/wp-json\/wp\/v2\/media\/74640"}],"wp:attachment":[{"href":"https:\/\/www.manquepierda.com\/historiarealbetis\/wp-json\/wp\/v2\/media?parent=74638"}],"wp:term":[{"taxonomy":"category","embeddable":true,"href":"https:\/\/www.manquepierda.com\/historiarealbetis\/wp-json\/wp\/v2\/categories?post=74638"},{"taxonomy":"post_tag","embeddable":true,"href":"https:\/\/www.manquepierda.com\/historiarealbetis\/wp-json\/wp\/v2\/tags?post=74638"}],"curies":[{"name":"wp","href":"https:\/\/api.w.org\/{rel}","templated":true}]}}