{"id":74699,"date":"2025-04-23T12:00:00","date_gmt":"2025-04-23T10:00:00","guid":{"rendered":"http:\/\/www.manquepierda.com\/historiarealbetis\/?p=74699"},"modified":"2025-03-08T18:11:43","modified_gmt":"2025-03-08T17:11:43","slug":"hoy-hace-60-anos-plus-ultra-1-betis-2-en-copa","status":"publish","type":"post","link":"https:\/\/www.manquepierda.com\/historiarealbetis\/hoy-hace-60-anos-plus-ultra-1-betis-2-en-copa\/","title":{"rendered":"Hoy hace 65 a\u00f1os. Plus Ultra 1 Betis 2 en Copa."},"content":{"rendered":"<p><a href=\"https:\/\/i0.wp.com\/www.manquepierda.com\/historiarealbetis\/files\/2020\/04\/23-1960-Plus-Ultra-1-Betis-2.jpg?ssl=1\"><img data-recalc-dims=\"1\" loading=\"lazy\" decoding=\"async\" class=\"aligncenter size-medium wp-image-74700\" src=\"https:\/\/i0.wp.com\/www.manquepierda.com\/historiarealbetis\/files\/2020\/04\/23-1960-Plus-Ultra-1-Betis-2.jpg?resize=680%2C437&#038;ssl=1\" alt=\"\" width=\"680\" height=\"437\" srcset=\"https:\/\/i0.wp.com\/www.manquepierda.com\/historiarealbetis\/files\/2020\/04\/23-1960-Plus-Ultra-1-Betis-2.jpg?resize=680%2C437&amp;ssl=1 680w, https:\/\/i0.wp.com\/www.manquepierda.com\/historiarealbetis\/files\/2020\/04\/23-1960-Plus-Ultra-1-Betis-2.jpg?resize=220%2C141&amp;ssl=1 220w, https:\/\/i0.wp.com\/www.manquepierda.com\/historiarealbetis\/files\/2020\/04\/23-1960-Plus-Ultra-1-Betis-2.jpg?resize=768%2C493&amp;ssl=1 768w, https:\/\/i0.wp.com\/www.manquepierda.com\/historiarealbetis\/files\/2020\/04\/23-1960-Plus-Ultra-1-Betis-2.jpg?w=780&amp;ssl=1 780w\" sizes=\"auto, (max-width: 680px) 100vw, 680px\" \/><\/a><\/p>\n<p><span style=\"color: #008000\">El 23 de abril de 1960 el Betis se impone 1-2 en el Santiago Bernab\u00e9u al Plus Ultra en el partido de ida de los dieciseisavos de final de la Copa.<\/span><\/p>\n<p><span style=\"color: #008000\">Lasa en el minuto 7 y Areta en el 8 hicieron los goles verdiblancos, marcando Santos en el 42 para el filial madridista.<\/span><\/p>\n<p><span style=\"color: #008000\">El Plus Ultra, entrenado por Jos\u00e9 Gil, aline\u00f3 a Florentino; Calleja, Egusquiza, Casado; Ramos, Carvajal; Laso, Santos, Gento III, Villa y Mart\u00ednez.<\/span><\/p>\n<p><span style=\"color: #008000\">El Betis, dirigido por Sabino Barinaga, form\u00f3 con Otero; Isidro, R\u00edos, Santos; Bosch, Vila; Casta\u00f1o, Paqui, Kuszmann, Areta y Lasa<\/span><\/p>\n","protected":false},"excerpt":{"rendered":"<p>El 23 de abril de 1960 el Betis se impone 1-2 en el Santiago Bernab\u00e9u al Plus Ultra en el partido de ida de los dieciseisavos de final de la Copa. Lasa en el minuto 7 y Areta en el 8 hicieron los goles verdiblancos, marcando Santos en el 42 para el filial madridista. El&#8230;<\/p>\n","protected":false},"author":5,"featured_media":74700,"comment_status":"open","ping_status":"open","sticky":false,"template":"","format":"standard","meta":{"_kad_post_transparent":"","_kad_post_title":"","_kad_post_layout":"","_kad_post_sidebar_id":"","_kad_post_content_style":"","_kad_post_vertical_padding":"","_kad_post_feature":"","_kad_post_feature_position":"","_kad_post_header":false,"_kad_post_footer":false,"_kad_post_classname":"","_jetpack_memberships_contains_paid_content":false,"footnotes":"","jetpack_publicize_message":"","jetpack_publicize_feature_enabled":true,"jetpack_social_post_already_shared":true,"jetpack_social_options":{"image_generator_settings":{"template":"highway","default_image_id":0,"font":"","enabled":false},"version":2}},"categories":[902,14583,1],"tags":[1246,15961,17950],"class_list":["post-74699","post","type-post","status-publish","format-standard","has-post-thumbnail","hentry","category-1960-1969","category-efemerides","category-portada","tag-1246","tag-agrupacion-deportiva-plus-ultra","tag-copa-1959-60"],"jetpack_publicize_connections":[],"jetpack_featured_media_url":"https:\/\/i0.wp.com\/www.manquepierda.com\/historiarealbetis\/files\/2020\/04\/23-1960-Plus-Ultra-1-Betis-2.jpg?fit=780%2C501&ssl=1","jetpack_sharing_enabled":true,"jetpack_shortlink":"https:\/\/wp.me\/p1ij08-jqP","jetpack-related-posts":[],"_links":{"self":[{"href":"https:\/\/www.manquepierda.com\/historiarealbetis\/wp-json\/wp\/v2\/posts\/74699","targetHints":{"allow":["GET"]}}],"collection":[{"href":"https:\/\/www.manquepierda.com\/historiarealbetis\/wp-json\/wp\/v2\/posts"}],"about":[{"href":"https:\/\/www.manquepierda.com\/historiarealbetis\/wp-json\/wp\/v2\/types\/post"}],"author":[{"embeddable":true,"href":"https:\/\/www.manquepierda.com\/historiarealbetis\/wp-json\/wp\/v2\/users\/5"}],"replies":[{"embeddable":true,"href":"https:\/\/www.manquepierda.com\/historiarealbetis\/wp-json\/wp\/v2\/comments?post=74699"}],"version-history":[{"count":2,"href":"https:\/\/www.manquepierda.com\/historiarealbetis\/wp-json\/wp\/v2\/posts\/74699\/revisions"}],"predecessor-version":[{"id":102344,"href":"https:\/\/www.manquepierda.com\/historiarealbetis\/wp-json\/wp\/v2\/posts\/74699\/revisions\/102344"}],"wp:featuredmedia":[{"embeddable":true,"href":"https:\/\/www.manquepierda.com\/historiarealbetis\/wp-json\/wp\/v2\/media\/74700"}],"wp:attachment":[{"href":"https:\/\/www.manquepierda.com\/historiarealbetis\/wp-json\/wp\/v2\/media?parent=74699"}],"wp:term":[{"taxonomy":"category","embeddable":true,"href":"https:\/\/www.manquepierda.com\/historiarealbetis\/wp-json\/wp\/v2\/categories?post=74699"},{"taxonomy":"post_tag","embeddable":true,"href":"https:\/\/www.manquepierda.com\/historiarealbetis\/wp-json\/wp\/v2\/tags?post=74699"}],"curies":[{"name":"wp","href":"https:\/\/api.w.org\/{rel}","templated":true}]}}