{"id":74848,"date":"2020-05-01T10:14:04","date_gmt":"2020-05-01T08:14:04","guid":{"rendered":"http:\/\/www.manquepierda.com\/historiarealbetis\/?p=74848"},"modified":"2024-08-18T17:30:04","modified_gmt":"2024-08-18T15:30:04","slug":"1966-enero-9-de-lobo-un-pelo-real-betis-balompie-0-fc-barcelona-0","status":"publish","type":"post","link":"https:\/\/www.manquepierda.com\/historiarealbetis\/1966-enero-9-de-lobo-un-pelo-real-betis-balompie-0-fc-barcelona-0\/","title":{"rendered":"1966-Enero 9.-Del lobo, un pelo.-Real Betis Balompi\u00e9-0 FC Barcelona-0."},"content":{"rendered":"<p style=\"text-align: left\"><em>\u00abLos espectadores que en la tarde de buena temperatura dieron un lleno\u00a0 al\u00a0<strong>Estadio Benito Villamar\u00edn, al finalizar el encuentro con el empate a cero, se acordaron del c\u00e9lebre refr\u00e1n que dice \u00abDel lobo un pelo\u00bb&#8230;<\/strong><\/em><\/p>\n<p style=\"text-align: left\"><em>Porque el partido con los azulgranas era otro de los dif\u00edciles que le restan al once verdiblanco en la segunda vuelta y, por lo menos, salv\u00f3 un punto. Cierto que es un negativo m\u00e1s para el cuadro b\u00e9tico; pero,\u00a0<b>cedido tras un encuentro disputado de punta a punta, de poder a poder, y con m\u00e1s intervenciones de Pesudo que de Perea Est\u00e9vez.<\/b><\/em><\/p>\n<p style=\"text-align: center\"><em>Bronca y aplausos.<\/em><\/p>\n<p style=\"text-align: center\"><img data-recalc-dims=\"1\" loading=\"lazy\" decoding=\"async\" class=\"aligncenter size-thumbnail wp-image-74852\" src=\"https:\/\/i0.wp.com\/www.manquepierda.com\/historiarealbetis\/files\/2020\/05\/Ernesto-PONS-Forn-01.jpg?resize=113%2C220&#038;ssl=1\" alt=\"\" width=\"113\" height=\"220\" srcset=\"https:\/\/i0.wp.com\/www.manquepierda.com\/historiarealbetis\/files\/2020\/05\/Ernesto-PONS-Forn-01.jpg?resize=113%2C220&amp;ssl=1 113w, https:\/\/i0.wp.com\/www.manquepierda.com\/historiarealbetis\/files\/2020\/05\/Ernesto-PONS-Forn-01.jpg?resize=308%2C600&amp;ssl=1 308w, https:\/\/i0.wp.com\/www.manquepierda.com\/historiarealbetis\/files\/2020\/05\/Ernesto-PONS-Forn-01.jpg?resize=360%2C700&amp;ssl=1 360w, https:\/\/i0.wp.com\/www.manquepierda.com\/historiarealbetis\/files\/2020\/05\/Ernesto-PONS-Forn-01.jpg?resize=768%2C1495&amp;ssl=1 768w, https:\/\/i0.wp.com\/www.manquepierda.com\/historiarealbetis\/files\/2020\/05\/Ernesto-PONS-Forn-01.jpg?resize=789%2C1536&amp;ssl=1 789w, https:\/\/i0.wp.com\/www.manquepierda.com\/historiarealbetis\/files\/2020\/05\/Ernesto-PONS-Forn-01.jpg?resize=1052%2C2048&amp;ssl=1 1052w, https:\/\/i0.wp.com\/www.manquepierda.com\/historiarealbetis\/files\/2020\/05\/Ernesto-PONS-Forn-01.jpg?w=1089&amp;ssl=1 1089w\" sizes=\"auto, (max-width: 113px) 100vw, 113px\" \/><\/p>\n<p style=\"text-align: center\"><em><strong>Cuando por los altavoces dieron cuenta de que Ernesto PONS no ocupar\u00eda el banquillo a causa de sanci\u00f3n federativa, son\u00f3 una bronca monumental. Fue acallada por la ovaci\u00f3n a PONS al ocupar uno de los sillones del palco presidencial.<\/strong><\/em><\/p>\n<p style=\"text-align: center\"><em>Luego, el Barcelona fue recibido con palmas y algunos silbidos,\u00a0<strong>y con una ovaci\u00f3n a los verdiblancos.<\/strong><\/em><\/p>\n<p style=\"text-align: center\"><img data-recalc-dims=\"1\" loading=\"lazy\" decoding=\"async\" class=\"aligncenter size-medium wp-image-74849\" src=\"https:\/\/i0.wp.com\/www.manquepierda.com\/historiarealbetis\/files\/2020\/05\/1966-01-09-RBB-0-FCB-0.jpeg?resize=504%2C600&#038;ssl=1\" alt=\"\" width=\"504\" height=\"600\" srcset=\"https:\/\/i0.wp.com\/www.manquepierda.com\/historiarealbetis\/files\/2020\/05\/1966-01-09-RBB-0-FCB-0.jpeg?resize=504%2C600&amp;ssl=1 504w, https:\/\/i0.wp.com\/www.manquepierda.com\/historiarealbetis\/files\/2020\/05\/1966-01-09-RBB-0-FCB-0.jpeg?resize=588%2C700&amp;ssl=1 588w, https:\/\/i0.wp.com\/www.manquepierda.com\/historiarealbetis\/files\/2020\/05\/1966-01-09-RBB-0-FCB-0.jpeg?resize=185%2C220&amp;ssl=1 185w, https:\/\/i0.wp.com\/www.manquepierda.com\/historiarealbetis\/files\/2020\/05\/1966-01-09-RBB-0-FCB-0.jpeg?resize=768%2C914&amp;ssl=1 768w, https:\/\/i0.wp.com\/www.manquepierda.com\/historiarealbetis\/files\/2020\/05\/1966-01-09-RBB-0-FCB-0.jpeg?resize=1291%2C1536&amp;ssl=1 1291w, https:\/\/i0.wp.com\/www.manquepierda.com\/historiarealbetis\/files\/2020\/05\/1966-01-09-RBB-0-FCB-0.jpeg?w=1473&amp;ssl=1 1473w\" sizes=\"auto, (max-width: 504px) 100vw, 504px\" \/><\/p>\n<p style=\"text-align: center\"><img data-recalc-dims=\"1\" loading=\"lazy\" decoding=\"async\" class=\"aligncenter size-thumbnail wp-image-74851\" src=\"https:\/\/i0.wp.com\/www.manquepierda.com\/historiarealbetis\/files\/2020\/05\/Clasificaci%C3%B3n-General.jpeg?resize=178%2C220&#038;ssl=1\" alt=\"\" width=\"178\" height=\"220\" srcset=\"https:\/\/i0.wp.com\/www.manquepierda.com\/historiarealbetis\/files\/2020\/05\/Clasificaci%C3%B3n-General.jpeg?resize=178%2C220&amp;ssl=1 178w, https:\/\/i0.wp.com\/www.manquepierda.com\/historiarealbetis\/files\/2020\/05\/Clasificaci%C3%B3n-General.jpeg?resize=485%2C600&amp;ssl=1 485w, https:\/\/i0.wp.com\/www.manquepierda.com\/historiarealbetis\/files\/2020\/05\/Clasificaci%C3%B3n-General.jpeg?resize=566%2C700&amp;ssl=1 566w, https:\/\/i0.wp.com\/www.manquepierda.com\/historiarealbetis\/files\/2020\/05\/Clasificaci%C3%B3n-General.jpeg?w=769&amp;ssl=1 769w\" sizes=\"auto, (max-width: 178px) 100vw, 178px\" \/><\/p>\n<p style=\"text-align: center\"><img data-recalc-dims=\"1\" loading=\"lazy\" decoding=\"async\" class=\"aligncenter size-thumbnail wp-image-74850\" src=\"https:\/\/i0.wp.com\/www.manquepierda.com\/historiarealbetis\/files\/2020\/05\/Lorente.-HDL19660110.jpeg?resize=147%2C220&#038;ssl=1\" alt=\"\" width=\"147\" height=\"220\" srcset=\"https:\/\/i0.wp.com\/www.manquepierda.com\/historiarealbetis\/files\/2020\/05\/Lorente.-HDL19660110.jpeg?resize=147%2C220&amp;ssl=1 147w, https:\/\/i0.wp.com\/www.manquepierda.com\/historiarealbetis\/files\/2020\/05\/Lorente.-HDL19660110.jpeg?resize=400%2C600&amp;ssl=1 400w, https:\/\/i0.wp.com\/www.manquepierda.com\/historiarealbetis\/files\/2020\/05\/Lorente.-HDL19660110.jpeg?resize=467%2C700&amp;ssl=1 467w, https:\/\/i0.wp.com\/www.manquepierda.com\/historiarealbetis\/files\/2020\/05\/Lorente.-HDL19660110.jpeg?w=761&amp;ssl=1 761w\" sizes=\"auto, (max-width: 147px) 100vw, 147px\" \/><\/p>\n<p style=\"text-align: left\">Cr\u00f3nica Ignacio Garc\u00eda Ferreira (a) \u00abIGARFE\u00bb.-Vi\u00f1eta de Lorente.-\u00abHoja del Lunes\u00bb, Sevilla 1966-01-10.<\/p>\n<p>&nbsp;<\/p>\n","protected":false},"excerpt":{"rendered":"<p>\u00abLos espectadores que en la tarde de buena temperatura dieron un lleno\u00a0 al\u00a0Estadio Benito Villamar\u00edn, al finalizar el encuentro con el empate a cero, se acordaron del c\u00e9lebre refr\u00e1n que dice \u00abDel lobo un pelo\u00bb&#8230; Porque el partido con los azulgranas era otro de los dif\u00edciles que le restan al once verdiblanco en la segunda&#8230;<\/p>\n","protected":false},"author":48,"featured_media":74849,"comment_status":"open","ping_status":"open","sticky":false,"template":"","format":"standard","meta":{"_kad_post_transparent":"","_kad_post_title":"","_kad_post_layout":"","_kad_post_sidebar_id":"","_kad_post_content_style":"","_kad_post_vertical_padding":"","_kad_post_feature":"","_kad_post_feature_position":"","_kad_post_header":false,"_kad_post_footer":false,"_kad_post_classname":"","_jetpack_memberships_contains_paid_content":false,"footnotes":"","jetpack_publicize_message":"","jetpack_publicize_feature_enabled":true,"jetpack_social_post_already_shared":true,"jetpack_social_options":{"image_generator_settings":{"template":"highway","default_image_id":0,"font":"","enabled":false},"version":2}},"categories":[902],"tags":[8183,1592,1154,17861],"class_list":["post-74848","post","type-post","status-publish","format-standard","has-post-thumbnail","hentry","category-1960-1969","tag-1965-66","tag-1592","tag-fc-barcelona","tag-liga-primera-1965-66"],"jetpack_publicize_connections":[],"jetpack_featured_media_url":"https:\/\/i0.wp.com\/www.manquepierda.com\/historiarealbetis\/files\/2020\/05\/1966-01-09-RBB-0-FCB-0.jpeg?fit=1473%2C1753&ssl=1","jetpack_sharing_enabled":true,"jetpack_shortlink":"https:\/\/wp.me\/p1ij08-jte","jetpack-related-posts":[],"_links":{"self":[{"href":"https:\/\/www.manquepierda.com\/historiarealbetis\/wp-json\/wp\/v2\/posts\/74848","targetHints":{"allow":["GET"]}}],"collection":[{"href":"https:\/\/www.manquepierda.com\/historiarealbetis\/wp-json\/wp\/v2\/posts"}],"about":[{"href":"https:\/\/www.manquepierda.com\/historiarealbetis\/wp-json\/wp\/v2\/types\/post"}],"author":[{"embeddable":true,"href":"https:\/\/www.manquepierda.com\/historiarealbetis\/wp-json\/wp\/v2\/users\/48"}],"replies":[{"embeddable":true,"href":"https:\/\/www.manquepierda.com\/historiarealbetis\/wp-json\/wp\/v2\/comments?post=74848"}],"version-history":[{"count":1,"href":"https:\/\/www.manquepierda.com\/historiarealbetis\/wp-json\/wp\/v2\/posts\/74848\/revisions"}],"predecessor-version":[{"id":97050,"href":"https:\/\/www.manquepierda.com\/historiarealbetis\/wp-json\/wp\/v2\/posts\/74848\/revisions\/97050"}],"wp:featuredmedia":[{"embeddable":true,"href":"https:\/\/www.manquepierda.com\/historiarealbetis\/wp-json\/wp\/v2\/media\/74849"}],"wp:attachment":[{"href":"https:\/\/www.manquepierda.com\/historiarealbetis\/wp-json\/wp\/v2\/media?parent=74848"}],"wp:term":[{"taxonomy":"category","embeddable":true,"href":"https:\/\/www.manquepierda.com\/historiarealbetis\/wp-json\/wp\/v2\/categories?post=74848"},{"taxonomy":"post_tag","embeddable":true,"href":"https:\/\/www.manquepierda.com\/historiarealbetis\/wp-json\/wp\/v2\/tags?post=74848"}],"curies":[{"name":"wp","href":"https:\/\/api.w.org\/{rel}","templated":true}]}}