{"id":74970,"date":"2025-05-08T12:00:00","date_gmt":"2025-05-08T10:00:00","guid":{"rendered":"http:\/\/www.manquepierda.com\/historiarealbetis\/?p=74970"},"modified":"2025-04-06T19:17:31","modified_gmt":"2025-04-06T17:17:31","slug":"hoy-hace-60-anos-betis-2-sevilla-1-en-la-final-regional-juvenil","status":"publish","type":"post","link":"https:\/\/www.manquepierda.com\/historiarealbetis\/hoy-hace-60-anos-betis-2-sevilla-1-en-la-final-regional-juvenil\/","title":{"rendered":"Hoy hace 65 a\u00f1os, Betis 2 Sevilla 1 en la final regional juvenil."},"content":{"rendered":"<p><a href=\"https:\/\/i0.wp.com\/www.manquepierda.com\/historiarealbetis\/files\/2020\/05\/8-1960-Betis-2-Sevilla-1-juvenil.jpg?ssl=1\"><img data-recalc-dims=\"1\" loading=\"lazy\" decoding=\"async\" class=\"aligncenter size-medium wp-image-74971\" src=\"https:\/\/i0.wp.com\/www.manquepierda.com\/historiarealbetis\/files\/2020\/05\/8-1960-Betis-2-Sevilla-1-juvenil.jpg?resize=498%2C600&#038;ssl=1\" alt=\"\" width=\"498\" height=\"600\" srcset=\"https:\/\/i0.wp.com\/www.manquepierda.com\/historiarealbetis\/files\/2020\/05\/8-1960-Betis-2-Sevilla-1-juvenil.jpg?resize=498%2C600&amp;ssl=1 498w, https:\/\/i0.wp.com\/www.manquepierda.com\/historiarealbetis\/files\/2020\/05\/8-1960-Betis-2-Sevilla-1-juvenil.jpg?resize=581%2C700&amp;ssl=1 581w, https:\/\/i0.wp.com\/www.manquepierda.com\/historiarealbetis\/files\/2020\/05\/8-1960-Betis-2-Sevilla-1-juvenil.jpg?resize=182%2C220&amp;ssl=1 182w, https:\/\/i0.wp.com\/www.manquepierda.com\/historiarealbetis\/files\/2020\/05\/8-1960-Betis-2-Sevilla-1-juvenil.jpg?w=715&amp;ssl=1 715w\" sizes=\"auto, (max-width: 498px) 100vw, 498px\" \/><\/a><\/p>\n<p>El 8 de mayo de 1960 en Heli\u00f3polis el conjunto juvenil del Betis derrota 2-1 al del Sevilla y se proclama campe\u00f3n regional de la categor\u00eda.<\/p>\n<p>Se trataba del partido de vuelta de esta competici\u00f3n, y en la semana anterior se hab\u00eda producido un empate a 1 en terreno sevillista.<\/p>\n<p>En el minuto 1 de partido el delantero b\u00e9tico Carvajal adelant\u00f3 a los locales, al rematar una falta dentro del \u00e1rea sevillista. A falta de 7 minutos para la conclusi\u00f3n del partido Bizcocho empat\u00f3 para el Sevilla, lo que llev\u00f3 a la disputa de una pr\u00f3rroga para dilucidar el campe\u00f3n. Fue Rivera quien consigui\u00f3 marcar para el Betis y adjudicarse el campeonato.<\/p>\n<p>El Betis, dirigido por Santiago Tejera, aline\u00f3 a Vega; Gervasini, Servando,\u00a0 Dur\u00e1n;\u00a0 Rivera, Mart\u00ednez-Ja\u00e9n; Jaime, Carvajal, Mendoza, Rufo y Bomba.<\/p>\n<p>El Sevilla, entrenado por Mario Klug, form\u00f3 con Gilabert; Lin, Gallego, Contreras; Cruz, Pi\u00f1a; Bizcocho, Calero, Guill\u00e9n, Bancalero y Chaves.<\/p>\n<p>&nbsp;<\/p>\n","protected":false},"excerpt":{"rendered":"<p>El 8 de mayo de 1960 en Heli\u00f3polis el conjunto juvenil del Betis derrota 2-1 al del Sevilla y se proclama campe\u00f3n regional de la categor\u00eda. Se trataba del partido de vuelta de esta competici\u00f3n, y en la semana anterior se hab\u00eda producido un empate a 1 en terreno sevillista. En el minuto 1 de&#8230;<\/p>\n","protected":false},"author":5,"featured_media":74971,"comment_status":"open","ping_status":"open","sticky":false,"template":"","format":"standard","meta":{"_kad_post_transparent":"","_kad_post_title":"","_kad_post_layout":"","_kad_post_sidebar_id":"","_kad_post_content_style":"","_kad_post_vertical_padding":"","_kad_post_feature":"","_kad_post_feature_position":"","_kad_post_header":false,"_kad_post_footer":false,"_kad_post_classname":"","_jetpack_memberships_contains_paid_content":false,"footnotes":"","jetpack_publicize_message":"","jetpack_publicize_feature_enabled":true,"jetpack_social_post_already_shared":true,"jetpack_social_options":{"image_generator_settings":{"template":"highway","default_image_id":0,"font":"","enabled":false},"version":2}},"categories":[1],"tags":[2377,1246,168],"class_list":["post-74970","post","type-post","status-publish","format-standard","has-post-thumbnail","hentry","category-portada","tag-1959-60","tag-1246","tag-betis-juvenil"],"jetpack_publicize_connections":[],"jetpack_featured_media_url":"https:\/\/i0.wp.com\/www.manquepierda.com\/historiarealbetis\/files\/2020\/05\/8-1960-Betis-2-Sevilla-1-juvenil.jpg?fit=715%2C862&ssl=1","jetpack_sharing_enabled":true,"jetpack_shortlink":"https:\/\/wp.me\/p1ij08-jvc","jetpack-related-posts":[],"_links":{"self":[{"href":"https:\/\/www.manquepierda.com\/historiarealbetis\/wp-json\/wp\/v2\/posts\/74970","targetHints":{"allow":["GET"]}}],"collection":[{"href":"https:\/\/www.manquepierda.com\/historiarealbetis\/wp-json\/wp\/v2\/posts"}],"about":[{"href":"https:\/\/www.manquepierda.com\/historiarealbetis\/wp-json\/wp\/v2\/types\/post"}],"author":[{"embeddable":true,"href":"https:\/\/www.manquepierda.com\/historiarealbetis\/wp-json\/wp\/v2\/users\/5"}],"replies":[{"embeddable":true,"href":"https:\/\/www.manquepierda.com\/historiarealbetis\/wp-json\/wp\/v2\/comments?post=74970"}],"version-history":[{"count":1,"href":"https:\/\/www.manquepierda.com\/historiarealbetis\/wp-json\/wp\/v2\/posts\/74970\/revisions"}],"predecessor-version":[{"id":102645,"href":"https:\/\/www.manquepierda.com\/historiarealbetis\/wp-json\/wp\/v2\/posts\/74970\/revisions\/102645"}],"wp:featuredmedia":[{"embeddable":true,"href":"https:\/\/www.manquepierda.com\/historiarealbetis\/wp-json\/wp\/v2\/media\/74971"}],"wp:attachment":[{"href":"https:\/\/www.manquepierda.com\/historiarealbetis\/wp-json\/wp\/v2\/media?parent=74970"}],"wp:term":[{"taxonomy":"category","embeddable":true,"href":"https:\/\/www.manquepierda.com\/historiarealbetis\/wp-json\/wp\/v2\/categories?post=74970"},{"taxonomy":"post_tag","embeddable":true,"href":"https:\/\/www.manquepierda.com\/historiarealbetis\/wp-json\/wp\/v2\/tags?post=74970"}],"curies":[{"name":"wp","href":"https:\/\/api.w.org\/{rel}","templated":true}]}}