{"id":75012,"date":"2020-05-14T09:37:11","date_gmt":"2020-05-14T07:37:11","guid":{"rendered":"http:\/\/www.manquepierda.com\/historiarealbetis\/?p=75012"},"modified":"2024-09-07T08:20:24","modified_gmt":"2024-09-07T06:20:24","slug":"alineacion-betis-juvenil-1969","status":"publish","type":"post","link":"https:\/\/www.manquepierda.com\/historiarealbetis\/alineacion-betis-juvenil-1969\/","title":{"rendered":"Alineaci\u00f3n Betis juvenil 1969"},"content":{"rendered":"<p><a href=\"https:\/\/i0.wp.com\/www.manquepierda.com\/historiarealbetis\/files\/2020\/05\/Alineaci%C3%B3n-Triana-juvenil-1969.jpg?ssl=1\"><img data-recalc-dims=\"1\" loading=\"lazy\" decoding=\"async\" class=\"aligncenter size-medium wp-image-75013\" src=\"https:\/\/i0.wp.com\/www.manquepierda.com\/historiarealbetis\/files\/2020\/05\/Alineaci%C3%B3n-Triana-juvenil-1969.jpg?resize=680%2C383&#038;ssl=1\" alt=\"\" width=\"680\" height=\"383\" srcset=\"https:\/\/i0.wp.com\/www.manquepierda.com\/historiarealbetis\/files\/2020\/05\/Alineaci%C3%B3n-Triana-juvenil-1969.jpg?resize=680%2C383&amp;ssl=1 680w, https:\/\/i0.wp.com\/www.manquepierda.com\/historiarealbetis\/files\/2020\/05\/Alineaci%C3%B3n-Triana-juvenil-1969.jpg?resize=220%2C124&amp;ssl=1 220w, https:\/\/i0.wp.com\/www.manquepierda.com\/historiarealbetis\/files\/2020\/05\/Alineaci%C3%B3n-Triana-juvenil-1969.jpg?w=724&amp;ssl=1 724w\" sizes=\"auto, (max-width: 680px) 100vw, 680px\" \/><\/a><\/p>\n<p>El 2 de septiembre de 1969, antes del Betis-Portuguesa que sirvi\u00f3 de homenaje a Francisco Grau que ya vimos<a href=\"https:\/\/www.manquepierda.com\/historiarealbetis\/homenaje-a-quico-grau-1969\/\"><strong> aqu\u00ed<\/strong><\/a>, se jug\u00f3 un partido entre los juveniles del Real Betis Balompi\u00e9 y los del Sevilla CF.<\/p>\n<p>Esta imagen corresponde a ese partido y los jugadores del equipo juvenil b\u00e9tico son arriba: Pai\u00f1a, Salgado, Feu, Cuqui, Barrero, Carrasco, Lolo, Melero y X; abajo: Selu, Amador, Coco, Nico Sosa, Bartolo, Del Valle y Castillo.<\/p>\n<p>El partido finaliz\u00f3 como empez\u00f3, con empate a 0 y como nota destacable rese\u00f1ar que en este encuentro se produjo el debut de Pedro Buenaventura al mando del juvenil b\u00e9tico, en sustituci\u00f3n de Paco Franco.&nbsp; Y tambi\u00e9n que en esta temporada 1969-70 cambi\u00f3 la denominaci\u00f3n oficial del equipo al pasar de Triana Balompi\u00e9 a Real Betis Balompi\u00e9.<\/p>\n<p>Agradecer a Juan Barrero Dom\u00ednguez, uno de los integrantes de este equipo, el habernos facilitado la imagen y toda la informac\u00ec\u00f3n correspondiente.<\/p>\n","protected":false},"excerpt":{"rendered":"<p>El 2 de septiembre de 1969, antes del Betis-Portuguesa que sirvi\u00f3 de homenaje a Francisco Grau que ya vimos aqu\u00ed, se jug\u00f3 un partido entre los juveniles del Real Betis Balompi\u00e9 y los del Sevilla CF. Esta imagen corresponde a ese partido y los jugadores del equipo juvenil b\u00e9tico son arriba: Pai\u00f1a, Salgado, Feu, Cuqui,&#8230;<\/p>\n","protected":false},"author":5,"featured_media":75013,"comment_status":"open","ping_status":"open","sticky":false,"template":"","format":"standard","meta":{"_kad_post_transparent":"","_kad_post_title":"","_kad_post_layout":"","_kad_post_sidebar_id":"","_kad_post_content_style":"","_kad_post_vertical_padding":"","_kad_post_feature":"","_kad_post_feature_position":"","_kad_post_header":false,"_kad_post_footer":false,"_kad_post_classname":"","_jetpack_memberships_contains_paid_content":false,"footnotes":"","jetpack_publicize_message":"","jetpack_publicize_feature_enabled":true,"jetpack_social_post_already_shared":true,"jetpack_social_options":{"image_generator_settings":{"template":"highway","default_image_id":0,"font":"","enabled":false},"version":2}},"categories":[902,17191,1],"tags":[4201,4844,168,17179],"class_list":["post-75012","post","type-post","status-publish","format-standard","has-post-thumbnail","hentry","category-1960-1969","category-cantera","category-portada","tag-4201","tag-1969-70","tag-betis-juvenil","tag-juan-barrero"],"jetpack_publicize_connections":[],"jetpack_featured_media_url":"https:\/\/i0.wp.com\/www.manquepierda.com\/historiarealbetis\/files\/2020\/05\/Alineaci%C3%B3n-Triana-juvenil-1969.jpg?fit=724%2C408&ssl=1","jetpack_sharing_enabled":true,"jetpack_shortlink":"https:\/\/wp.me\/p1ij08-jvS","jetpack-related-posts":[],"_links":{"self":[{"href":"https:\/\/www.manquepierda.com\/historiarealbetis\/wp-json\/wp\/v2\/posts\/75012","targetHints":{"allow":["GET"]}}],"collection":[{"href":"https:\/\/www.manquepierda.com\/historiarealbetis\/wp-json\/wp\/v2\/posts"}],"about":[{"href":"https:\/\/www.manquepierda.com\/historiarealbetis\/wp-json\/wp\/v2\/types\/post"}],"author":[{"embeddable":true,"href":"https:\/\/www.manquepierda.com\/historiarealbetis\/wp-json\/wp\/v2\/users\/5"}],"replies":[{"embeddable":true,"href":"https:\/\/www.manquepierda.com\/historiarealbetis\/wp-json\/wp\/v2\/comments?post=75012"}],"version-history":[{"count":1,"href":"https:\/\/www.manquepierda.com\/historiarealbetis\/wp-json\/wp\/v2\/posts\/75012\/revisions"}],"predecessor-version":[{"id":98692,"href":"https:\/\/www.manquepierda.com\/historiarealbetis\/wp-json\/wp\/v2\/posts\/75012\/revisions\/98692"}],"wp:featuredmedia":[{"embeddable":true,"href":"https:\/\/www.manquepierda.com\/historiarealbetis\/wp-json\/wp\/v2\/media\/75013"}],"wp:attachment":[{"href":"https:\/\/www.manquepierda.com\/historiarealbetis\/wp-json\/wp\/v2\/media?parent=75012"}],"wp:term":[{"taxonomy":"category","embeddable":true,"href":"https:\/\/www.manquepierda.com\/historiarealbetis\/wp-json\/wp\/v2\/categories?post=75012"},{"taxonomy":"post_tag","embeddable":true,"href":"https:\/\/www.manquepierda.com\/historiarealbetis\/wp-json\/wp\/v2\/tags?post=75012"}],"curies":[{"name":"wp","href":"https:\/\/api.w.org\/{rel}","templated":true}]}}