{"id":75108,"date":"2020-05-19T11:00:01","date_gmt":"2020-05-19T09:00:01","guid":{"rendered":"http:\/\/www.manquepierda.com\/historiarealbetis\/?p=75108"},"modified":"2024-09-07T08:19:38","modified_gmt":"2024-09-07T06:19:38","slug":"alineacion-triana-atl-marbella-liga-1969","status":"publish","type":"post","link":"https:\/\/www.manquepierda.com\/historiarealbetis\/alineacion-triana-atl-marbella-liga-1969\/","title":{"rendered":"Alineaci\u00f3n Triana Balompi\u00e9-Atl. Marbella Liga 1969"},"content":{"rendered":"<p><a href=\"https:\/\/i0.wp.com\/www.manquepierda.com\/historiarealbetis\/files\/2020\/05\/Alineaci%C3%B3n-Triana-Atl.-Marbella-Liga-1969.jpg?ssl=1\"><img data-recalc-dims=\"1\" loading=\"lazy\" decoding=\"async\" class=\"aligncenter size-medium wp-image-75109\" src=\"https:\/\/i0.wp.com\/www.manquepierda.com\/historiarealbetis\/files\/2020\/05\/Alineaci%C3%B3n-Triana-Atl.-Marbella-Liga-1969.jpg?resize=680%2C430&#038;ssl=1\" alt=\"\" width=\"680\" height=\"430\" srcset=\"https:\/\/i0.wp.com\/www.manquepierda.com\/historiarealbetis\/files\/2020\/05\/Alineaci%C3%B3n-Triana-Atl.-Marbella-Liga-1969.jpg?resize=680%2C430&amp;ssl=1 680w, https:\/\/i0.wp.com\/www.manquepierda.com\/historiarealbetis\/files\/2020\/05\/Alineaci%C3%B3n-Triana-Atl.-Marbella-Liga-1969.jpg?resize=960%2C607&amp;ssl=1 960w, https:\/\/i0.wp.com\/www.manquepierda.com\/historiarealbetis\/files\/2020\/05\/Alineaci%C3%B3n-Triana-Atl.-Marbella-Liga-1969.jpg?resize=220%2C139&amp;ssl=1 220w, https:\/\/i0.wp.com\/www.manquepierda.com\/historiarealbetis\/files\/2020\/05\/Alineaci%C3%B3n-Triana-Atl.-Marbella-Liga-1969.jpg?resize=768%2C485&amp;ssl=1 768w, https:\/\/i0.wp.com\/www.manquepierda.com\/historiarealbetis\/files\/2020\/05\/Alineaci%C3%B3n-Triana-Atl.-Marbella-Liga-1969.jpg?w=973&amp;ssl=1 973w\" sizes=\"auto, (max-width: 680px) 100vw, 680px\" \/><\/a><\/p>\n<p>2 de febrero de 1969 en el Villamar\u00edn Triana 1 Atl\u00e9tico Marbella 1; jornada 21 del Campeonato de Liga de Tercera Divisi\u00f3n.<\/p>\n<p>En la imagen arriba Campos, Sivianes, Ortiz, Abascal, Caraballo y Llano; abajo Baena, Quinichi, A\u00f1o\u00f1o, Isidoro y Partida.<\/p>\n<p>El Triana marc\u00f3 en un gran cabezazo de Quinichi a centro de A\u00f1o\u00f1o, mientras que para el Marbella empat\u00f3 Salas recogiendo un rechazo del larguero. En el equipo marbell\u00ed destac\u00f3 la gran actuaci\u00f3n de su portero, el ex verdiblanco Carmet.<\/p>\n<p>El punto perdido en casa hac\u00eda perder el liderato al Triana Balompi\u00e9, en favor del Recreativo de Huelva.<\/p>\n<p>Esteban Areta entrenaba al Triana Balompi\u00e9.<\/p>\n<p>&nbsp;<\/p>\n","protected":false},"excerpt":{"rendered":"<p>2 de febrero de 1969 en el Villamar\u00edn Triana 1 Atl\u00e9tico Marbella 1; jornada 21 del Campeonato de Liga de Tercera Divisi\u00f3n. En la imagen arriba Campos, Sivianes, Ortiz, Abascal, Caraballo y Llano; abajo Baena, Quinichi, A\u00f1o\u00f1o, Isidoro y Partida. El Triana marc\u00f3 en un gran cabezazo de Quinichi a centro de A\u00f1o\u00f1o, mientras que&#8230;<\/p>\n","protected":false},"author":5,"featured_media":75109,"comment_status":"open","ping_status":"open","sticky":false,"template":"","format":"standard","meta":{"_kad_post_transparent":"","_kad_post_title":"","_kad_post_layout":"","_kad_post_sidebar_id":"","_kad_post_content_style":"","_kad_post_vertical_padding":"","_kad_post_feature":"","_kad_post_feature_position":"","_kad_post_header":false,"_kad_post_footer":false,"_kad_post_classname":"","_jetpack_memberships_contains_paid_content":false,"footnotes":"","jetpack_publicize_message":"","jetpack_publicize_feature_enabled":true,"jetpack_social_post_already_shared":true,"jetpack_social_options":{"image_generator_settings":{"template":"highway","default_image_id":0,"font":"","enabled":false},"version":2}},"categories":[902,17191,1],"tags":[4202,4201,18286,4002,13832,3279,5083,17177,5940,17176,11376,17795,17178,2211,11372],"class_list":["post-75108","post","type-post","status-publish","format-standard","has-post-thumbnail","hentry","category-1960-1969","category-cantera","category-portada","tag-1968-69","tag-4201","tag-antonio-partida","tag-antonio-puerta-anono","tag-atletico-marbella","tag-isidoro-rodriguez","tag-joaquin-gomez-quinichi","tag-jose-manuel-caraballo","tag-juan-baena","tag-juan-campos","tag-juan-sivianes","tag-liga-tercera-1968-69","tag-miguel-ortiz","tag-triana-balompie","tag-vicente-llano"],"jetpack_publicize_connections":[],"jetpack_featured_media_url":"https:\/\/i0.wp.com\/www.manquepierda.com\/historiarealbetis\/files\/2020\/05\/Alineaci%C3%B3n-Triana-Atl.-Marbella-Liga-1969.jpg?fit=973%2C615&ssl=1","jetpack_sharing_enabled":true,"jetpack_shortlink":"https:\/\/wp.me\/p1ij08-jxq","jetpack-related-posts":[],"_links":{"self":[{"href":"https:\/\/www.manquepierda.com\/historiarealbetis\/wp-json\/wp\/v2\/posts\/75108","targetHints":{"allow":["GET"]}}],"collection":[{"href":"https:\/\/www.manquepierda.com\/historiarealbetis\/wp-json\/wp\/v2\/posts"}],"about":[{"href":"https:\/\/www.manquepierda.com\/historiarealbetis\/wp-json\/wp\/v2\/types\/post"}],"author":[{"embeddable":true,"href":"https:\/\/www.manquepierda.com\/historiarealbetis\/wp-json\/wp\/v2\/users\/5"}],"replies":[{"embeddable":true,"href":"https:\/\/www.manquepierda.com\/historiarealbetis\/wp-json\/wp\/v2\/comments?post=75108"}],"version-history":[{"count":2,"href":"https:\/\/www.manquepierda.com\/historiarealbetis\/wp-json\/wp\/v2\/posts\/75108\/revisions"}],"predecessor-version":[{"id":98691,"href":"https:\/\/www.manquepierda.com\/historiarealbetis\/wp-json\/wp\/v2\/posts\/75108\/revisions\/98691"}],"wp:featuredmedia":[{"embeddable":true,"href":"https:\/\/www.manquepierda.com\/historiarealbetis\/wp-json\/wp\/v2\/media\/75109"}],"wp:attachment":[{"href":"https:\/\/www.manquepierda.com\/historiarealbetis\/wp-json\/wp\/v2\/media?parent=75108"}],"wp:term":[{"taxonomy":"category","embeddable":true,"href":"https:\/\/www.manquepierda.com\/historiarealbetis\/wp-json\/wp\/v2\/categories?post=75108"},{"taxonomy":"post_tag","embeddable":true,"href":"https:\/\/www.manquepierda.com\/historiarealbetis\/wp-json\/wp\/v2\/tags?post=75108"}],"curies":[{"name":"wp","href":"https:\/\/api.w.org\/{rel}","templated":true}]}}