{"id":75126,"date":"2025-05-24T12:00:00","date_gmt":"2025-05-24T10:00:00","guid":{"rendered":"http:\/\/www.manquepierda.com\/historiarealbetis\/?p=75126"},"modified":"2025-05-24T09:53:15","modified_gmt":"2025-05-24T07:53:15","slug":"hoy-hace-50-anos-onteniente-1-betis-1","status":"publish","type":"post","link":"https:\/\/www.manquepierda.com\/historiarealbetis\/hoy-hace-50-anos-onteniente-1-betis-1\/","title":{"rendered":"Hoy hace 55 a\u00f1os. Onteniente 1 Betis 1."},"content":{"rendered":"<p><span style=\"color: #008000\"><a href=\"https:\/\/i0.wp.com\/www.manquepierda.com\/historiarealbetis\/files\/2020\/05\/Onteniente-CF-escudo.jpg?ssl=1\"><img data-recalc-dims=\"1\" loading=\"lazy\" decoding=\"async\" class=\"size-full wp-image-75138 alignleft\" src=\"https:\/\/i0.wp.com\/www.manquepierda.com\/historiarealbetis\/files\/2020\/05\/Onteniente-CF-escudo.jpg?resize=325%2C408&#038;ssl=1\" alt=\"\" width=\"325\" height=\"408\" srcset=\"https:\/\/i0.wp.com\/www.manquepierda.com\/historiarealbetis\/files\/2020\/05\/Onteniente-CF-escudo.jpg?w=325&amp;ssl=1 325w, https:\/\/i0.wp.com\/www.manquepierda.com\/historiarealbetis\/files\/2020\/05\/Onteniente-CF-escudo.jpg?resize=175%2C220&amp;ssl=1 175w\" sizes=\"auto, (max-width: 325px) 100vw, 325px\" \/><\/a>El 24 de mayo de 1970 en El Clariano Onteniente y Betis empatan a 1 en partido de la jornada 36 del Campeonato de Liga de Segunda Divisi\u00f3n.<\/span><\/p>\n<p><span style=\"color: #008000\">Rogelio en el minuto 36 marc\u00f3 de falta directa, empatando de cabeza Figuerido en el 39.\u00a0 Con este empate a falta de 2 jornadas el Betis manten\u00eda la tercera plaza que daba derecho al ascenso.<\/span><\/p>\n<p><span style=\"color: #008000\">El Onteniente, entrenado por Vicente Morera, aline\u00f3 a Gal\u00e1n; Berm\u00fadez, Pons, Mora; Olivella, Pepete (49, \u00dabeda); Diestro, Portales, Botello (78, Bautista), Figuerido y S\u00e1nchez Barrios.<\/span><\/p>\n<p><span style=\"color: #008000\">El Betis, dirigido por Antonio Barrios, jug\u00f3 con Villanova; Ezequiei, Telech\u00eda, D\u00edaz, Azc\u00e1rate; Pach\u00f3n, Frigols, Rogelio; Macario (78, Demetrio), Quino y Ben\u00edtez.<\/span><\/p>\n","protected":false},"excerpt":{"rendered":"<p>El 24 de mayo de 1970 en El Clariano Onteniente y Betis empatan a 1 en partido de la jornada 36 del Campeonato de Liga de Segunda Divisi\u00f3n. Rogelio en el minuto 36 marc\u00f3 de falta directa, empatando de cabeza Figuerido en el 39.\u00a0 Con este empate a falta de 2 jornadas el Betis manten\u00eda&#8230;<\/p>\n","protected":false},"author":5,"featured_media":75138,"comment_status":"open","ping_status":"open","sticky":false,"template":"","format":"standard","meta":{"_kad_post_transparent":"","_kad_post_title":"","_kad_post_layout":"","_kad_post_sidebar_id":"","_kad_post_content_style":"","_kad_post_vertical_padding":"","_kad_post_feature":"","_kad_post_feature_position":"","_kad_post_header":false,"_kad_post_footer":false,"_kad_post_classname":"","_jetpack_memberships_contains_paid_content":false,"footnotes":"","jetpack_publicize_message":"","jetpack_publicize_feature_enabled":true,"jetpack_social_post_already_shared":true,"jetpack_social_options":{"image_generator_settings":{"template":"highway","default_image_id":0,"font":"","enabled":false},"version":2}},"categories":[903,14583],"tags":[4639,17854,17050],"class_list":["post-75126","post","type-post","status-publish","format-standard","has-post-thumbnail","hentry","category-1970-1979","category-efemerides","tag-4639","tag-liga-segunda-1969-70","tag-onteniente-cf"],"jetpack_publicize_connections":[],"jetpack_featured_media_url":"https:\/\/i0.wp.com\/www.manquepierda.com\/historiarealbetis\/files\/2020\/05\/Onteniente-CF-escudo.jpg?fit=325%2C408&ssl=1","jetpack_sharing_enabled":true,"jetpack_shortlink":"https:\/\/wp.me\/p1ij08-jxI","jetpack-related-posts":[],"_links":{"self":[{"href":"https:\/\/www.manquepierda.com\/historiarealbetis\/wp-json\/wp\/v2\/posts\/75126","targetHints":{"allow":["GET"]}}],"collection":[{"href":"https:\/\/www.manquepierda.com\/historiarealbetis\/wp-json\/wp\/v2\/posts"}],"about":[{"href":"https:\/\/www.manquepierda.com\/historiarealbetis\/wp-json\/wp\/v2\/types\/post"}],"author":[{"embeddable":true,"href":"https:\/\/www.manquepierda.com\/historiarealbetis\/wp-json\/wp\/v2\/users\/5"}],"replies":[{"embeddable":true,"href":"https:\/\/www.manquepierda.com\/historiarealbetis\/wp-json\/wp\/v2\/comments?post=75126"}],"version-history":[{"count":3,"href":"https:\/\/www.manquepierda.com\/historiarealbetis\/wp-json\/wp\/v2\/posts\/75126\/revisions"}],"predecessor-version":[{"id":103203,"href":"https:\/\/www.manquepierda.com\/historiarealbetis\/wp-json\/wp\/v2\/posts\/75126\/revisions\/103203"}],"wp:featuredmedia":[{"embeddable":true,"href":"https:\/\/www.manquepierda.com\/historiarealbetis\/wp-json\/wp\/v2\/media\/75138"}],"wp:attachment":[{"href":"https:\/\/www.manquepierda.com\/historiarealbetis\/wp-json\/wp\/v2\/media?parent=75126"}],"wp:term":[{"taxonomy":"category","embeddable":true,"href":"https:\/\/www.manquepierda.com\/historiarealbetis\/wp-json\/wp\/v2\/categories?post=75126"},{"taxonomy":"post_tag","embeddable":true,"href":"https:\/\/www.manquepierda.com\/historiarealbetis\/wp-json\/wp\/v2\/tags?post=75126"}],"curies":[{"name":"wp","href":"https:\/\/api.w.org\/{rel}","templated":true}]}}