{"id":75415,"date":"2020-06-08T09:52:25","date_gmt":"2020-06-08T07:52:25","guid":{"rendered":"http:\/\/www.manquepierda.com\/historiarealbetis\/?p=75415"},"modified":"2024-09-21T18:21:05","modified_gmt":"2024-09-21T16:21:05","slug":"entrevista-benito-villamarin-1965","status":"publish","type":"post","link":"https:\/\/www.manquepierda.com\/historiarealbetis\/entrevista-benito-villamarin-1965\/","title":{"rendered":"Entrevista Benito Villamar\u00edn 1965"},"content":{"rendered":"<p><a href=\"https:\/\/i0.wp.com\/www.manquepierda.com\/historiarealbetis\/files\/2020\/06\/Benito-Villamarin-1.jpg?ssl=1\"><img data-recalc-dims=\"1\" loading=\"lazy\" decoding=\"async\" class=\"aligncenter size-full wp-image-75416\" src=\"https:\/\/i0.wp.com\/www.manquepierda.com\/historiarealbetis\/files\/2020\/06\/Benito-Villamarin-1.jpg?resize=329%2C422&#038;ssl=1\" alt=\"\" width=\"329\" height=\"422\" srcset=\"https:\/\/i0.wp.com\/www.manquepierda.com\/historiarealbetis\/files\/2020\/06\/Benito-Villamarin-1.jpg?w=329&amp;ssl=1 329w, https:\/\/i0.wp.com\/www.manquepierda.com\/historiarealbetis\/files\/2020\/06\/Benito-Villamarin-1.jpg?resize=172%2C220&amp;ssl=1 172w\" sizes=\"auto, (max-width: 329px) 100vw, 329px\" \/><\/a><\/p>\n<p>&nbsp;<\/p>\n<p>La temporada 1965-66 fue la \u00faltima de las 11 campa\u00f1as que Benito Villamar\u00edn estuvo al frente del club. Una temporada que comenz\u00f3 mal y termin\u00f3 mal, con un descenso a Segunda Divisi\u00f3n.<\/p>\n<p>La trayectoria del equipo verdiblanco ya en la temporada anterior, 1964-65, fue bastante endeble, salv\u00e1ndose de jugar la promoci\u00f3n en la \u00faltima jornada de Liga merced a un empate en el Nou Camp.<\/p>\n<p>Los \u00faltimos tiempos de Villamar\u00edn en el Betis estuvieron marcados por la grave enfermedad que padec\u00eda, que con bastante frecuencia le obligaron a abandonar la gesti\u00f3n diaria del club. No se supo encontrar un relevo adecuado a la gesti\u00f3n personalista del presidente, y esta ser\u00e1 la causa de las zozobras directivas y de gesti\u00f3n que padecer\u00e1 el club en la segunda mitad de los a\u00f1os 60.<\/p>\n<p>Esta entrevista se public\u00f3 en ABC el 14 de noviembre de 1965, dos d\u00edas despu\u00e9s de la asamblea ordinaria de socios, por cierto, la realizada m\u00e1s tard\u00edamente de todo su mandato, pues lo habitual durante sus 11 a\u00f1os era que se celebrasen en verano. Un prueba m\u00e1s de c\u00f3mo el club adapt\u00f3 su ritmo interno a la gesti\u00f3n de Villamar\u00edn.<\/p>\n<p>En la entrevista se alude a las circunstancias de la asamblea reci\u00e9n celebrada, a la existencia de una oposici\u00f3n a la gesti\u00f3n de Villamar\u00edn, a las divergencias directivas durante su ausencia, por ejemplo con el traspaso de Andr\u00e9s Molina al Mallorca, o a las dificultades econ\u00f3micas que el club arrastraba desde la emisi\u00f3n en 1961 de obligaciones para la compra de Heli\u00f3polis.<\/p>\n<p>Una interesante entrevista que creo que es la \u00faltima que se conoce de Villamar\u00edn al frente de la nave verdiblanca, dado que tres semanas despu\u00e9s presentaba su dimisi\u00f3n, tal y como vimos <a href=\"https:\/\/www.manquepierda.com\/historiarealbetis\/dimision-de-benito-villamarin-1965\/\"><span style=\"color: #008000\"><strong>aqu\u00ed<\/strong><\/span>.<\/a><\/p>\n<p>&nbsp;<\/p>\n<p>&nbsp;<\/p>\n<p><span style=\"color: #008000\"><em>Ha comenzado a remontar su decimoprimera temporada. Once campa\u00f1as al frente del Betis. Presidente veterano. Tan solo Santiago Bernab\u00e9u le aventaja en antig\u00fcedad y veteran\u00eda. El rector m\u00e1ximo madridista juega con bazas mejores. Villamar\u00edn, a \u00e9l nos referimos, ha luchado con cartas m\u00e1s d\u00e9biles, con dificultades m\u00e1s serias. Anteayer celebr\u00f3 el Betis su Asamblea ordinaria. Parec\u00edan rondar las cuatro esquinas de la censura algunos grupos minoritarios. La renovaci\u00f3n, el aire nuevo\u2026 Don Benito Villamar\u00edn lleva mucho tiempo dirigiendo al Betis. Lleg\u00f3 la hora de poner las cartas boca arriba, de saber de lo positivo y lo negativo de una ejecutoria presidencial, de saber n\u00fameros y aptitudes, de reconocer que el Betis camina o no camina. Y las cifras fueron elocuentes. Los datos deportivos menos brillantes. Al presidente le cogieron las derrotas tras la barrera oce\u00e1nica y cuando al regreso quiso pedir cuentas, lo \u00fanico que se le ocurri\u00f3 fue inquirir por qu\u00e9 se hab\u00eda vendido a Molina\u2026<\/em><\/span><\/p>\n<p><span style=\"color: #008000\"><em>Benito Villamar\u00edn est\u00e1 aqu\u00ed delante. Satisfecho. La Asamblea asinti\u00f3 una vez m\u00e1s. Ha empezado a escalar los pelda\u00f1os de su onceava temporada de rector\u2026<\/em><\/span><\/p>\n<ul>\n<li><span style=\"color: #008000\"><em>\u00bfEst\u00e1 cansado?<\/em><\/span><\/li>\n<li><span style=\"color: #008000\"><em>La presidencia da alegr\u00edas, pero much\u00edsimos disgustos. Yo creo que es hora de pensar en el relevo. Pero tambi\u00e9n estimo que no es el momento de tomar la puerta y marcharse. Al barco que hace agua no se le puede dejar en mar abierta; lo menos que puede hacerse es llevarlo a dique seco. Eso es lo que me preocupa del Betis. Si yo sigo en la presidencia se podr\u00e1n afrontar dificultades, como hasta ahora. Esto es lo que me hace proseguir en la tarea. Pero tambi\u00e9n pienso que son muchos los a\u00f1os que llevo dirigiendo al club, y que el anquilosamiento en las f\u00f3rmulas directivas podr\u00eda producir un aminoramiento de ilusiones<\/em><\/span><\/li>\n<li><span style=\"color: #008000\"><em>\u00bfCu\u00e1les son esas ilusiones?<\/em><\/span><\/li>\n<li><span style=\"color: #008000\"><em>Yo hice un Betis con hechuras de equipo grande. Lo saqu\u00e9 de Segunda para hacerlo competir en la divisi\u00f3n de los mejores con personalidad, con aires de club se\u00f1ero. El f\u00fatbol actual permite hasta cierto punto jugar la baza de los triunfos absolutos a equipos que, como el Betis, no pueden realizar extremos desembolsos. Nosotros jugamos una Liga muy particular. La de tener un estilo, una personalidad, un modo de ser en el f\u00fatbol nacional y, si las circunstancias lo permiten, entrar en competencia con los mejores, para aspirar a esos t\u00edtulos que parecen reservados para tres o cuatro clubs<\/em><\/span><\/li>\n<li><span style=\"color: #008000\"><em>\u00bfQu\u00e9 representa para usted el refrendo de su labor por la Asamblea?<\/em><\/span><\/li>\n<li><span style=\"color: #008000\"><em>Una nueva responsabilidad. No me pesa la presidencia b\u00e9tica, pero creo que es momento de hallar el hombre que d\u00e9 a esto un nuevo enfoque. Eso es lo que tengo que ver antes de abandonar el barco. El hombre que siga la tarea emprendida. Yo quisiera seguir en el Betis como figura decorativa, seguir colaborando desde un plano m\u00e1s pasivo. Por eso no me he marchado. He dedicado muchas horas de trabajo y dinero, para quebrarlo todo en un momento dado y decir ah\u00ed queda eso. Tengo las espaldas cubiertas, porque mi labor puede enjuiciarse de cualquier forma\u2026<\/em><\/span><\/li>\n<li><span style=\"color: #008000\"><em>Algunos dicen que vendi\u00f3 demasiado\u2026<\/em><\/span><\/li>\n<li><span style=\"color: #008000\"><em>\u00bfSe detuvieron a pensar esos que as\u00ed opinan lo que compr\u00e9? El Betis no vendi\u00f3 jam\u00e1s un jugador sin que su puesto estuviera cubierto. Veinte, treinta jugadores se traspasaron en mi etapa de presidente. \u00bfCu\u00e1ntos se adquirieron?<\/em><\/span><\/li>\n<li><span style=\"color: #008000\"><em>Se dice que el Betis vendi\u00f3 a Molina cuando el equipo necesitaba fortalecerse\u2026<\/em><\/span><\/li>\n<li><span style=\"color: #008000\"><em>Cuando regres\u00e9 de Am\u00e9rica mostr\u00e9 mi disconformidad con el traspaso de Molina, aunque fuera un jugador que la afici\u00f3n no quer\u00eda. Pero intent\u00e9 comprender que el equipo necesitaba del vigor de nuevos elementos, y se ficharon a Perea Est\u00e9vez, Cladera, Santisteban, Moreno, Gir\u00f3n, Mateos, Landa, De la Fuente, Zacarizo\u2026, los que estim\u00e9 necesarios para que el equipo mantuviera su s\u00f3lida personalidad\u2026<\/em><\/span><\/li>\n<li><span style=\"color: #008000\"><em>\u00bfCree que el Betis tiene equipo para luchar sin preocupaciones?<\/em><\/span><\/li>\n<li><span style=\"color: #008000\"><em>Desde que soy presidente, el Betis no cont\u00f3 nunca con un cuadro de jugadores como el actual. Tenemos un gran equipo. Tan bueno como el mejor que tuvimos<\/em><\/span><\/li>\n<li><span style=\"color: #008000\"><em>Hay cuatro negativos pendientes\u2026<\/em><\/span><\/li>\n<li><span style=\"color: #008000\"><em>Se han perdido dos partidos en casa, pero por desgracias que la afici\u00f3n pudo advertir perfectamente. Si estimamos que la mayor\u00eda de equipos de Espa\u00f1a, dan por perdido los puntos que han de litigar en sus terrenos con el Madrid, llegaremos a la conclusi\u00f3n que es esa derrota ante el Mallorca, en la que pes\u00f3 la lesi\u00f3n de Paquito, la que nos ha llevado a figurar en los \u00faltimos lugares de la tabla<\/em><\/span><\/li>\n<\/ul>\n<p><span style=\"color: #008000\"><em>Entramos en los n\u00fameros. Terreno movedizo. La mayor\u00eda de los clubs nacionales chocan con un d\u00e9ficit asegurado en el comienzo mismo de la campa\u00f1a. \u00bfQu\u00e9 se dijo a los socios? El presidente relata:<\/em><\/span><\/p>\n<ul>\n<li><span style=\"color: #008000\"><em>Ha sido un balance francamente favorable. Se ha disminuido el d\u00e9ficit que ven\u00edamos arrastrando. Si deportivamente la temporada fue mala, su aspecto financiero result\u00f3 francamente positivo<\/em><\/span><\/li>\n<li><span style=\"color: #008000\"><em>\u00bfNuevo enfoque econ\u00f3mico?<\/em><\/span><\/li>\n<li><span style=\"color: #008000\"><em>La mayor\u00eda de los clubs han echado, a la fuerza, el freno. No exist\u00eda otro camino que el de la austeridad. La planificaci\u00f3n del f\u00fatbol nacional es obra de locos. Los socios piden que se compren jugadores y que no se vendan las figuras. Es comprensible estas posturas, porque las aspiraciones deportivas son las que han de imponerse en la organizaci\u00f3n de un club. Pero se lucha en inferioridad de circunstancias\u2026Y el socio jam\u00e1s aporta soluciones cuando de lo que se trata es de solventar financieramente esa pol\u00edtica de gastos continuos, a que obliga la actual pol\u00edtica rectora de los clubs nacionales<\/em><\/span><\/li>\n<li><span style=\"color: #008000\"><em>No cree justa la f\u00f3rmula\u2026<\/em><\/span><\/li>\n<li><span style=\"color: #008000\"><em>Pecamos de un enfoque defectuoso, sencillamente. El socio se acostumbr\u00f3 a que las dificultades econ\u00f3micas de un club las solvente la directiva, aun conociendo que el noventa por ciento de las sociedades futbol\u00edsticas nacionales est\u00e1n condenadas a encontrar d\u00e9ficits en sus balances a final de temporada<\/em><\/span><\/li>\n<li><span style=\"color: #008000\"><em>\u00bfSabe de una soluci\u00f3n?<\/em><\/span><\/li>\n<li><span style=\"color: #008000\"><em>El f\u00fatbol ser\u00eda en Espa\u00f1a mucho m\u00e1s rentable siempre que se siguieran las f\u00f3rmulas de los italianos\u2026 Y siempre, claro est\u00e1, que revirtiera al f\u00fatbol el dinero que el f\u00fatbol, directa o indirectamente, produce\u2026<\/em><\/span><\/li>\n<\/ul>\n<p><span style=\"color: #008000\"><em>Parece inamovible en su puesto presidencial. Villamar\u00edn juega las bazas m\u00e1s fuertes. Se siente cada vez m\u00e1s firme. Hubo minor\u00edas que, de cara a la Asamblea, intentaron forzar una intenci\u00f3n renovadora\u2026<\/em><\/span><\/p>\n<ul>\n<li><span style=\"color: #008000\"><em>\u00bfSe cree un\u00e1nimemente refrendado?<\/em><\/span><\/li>\n<li><span style=\"color: #008000\"><em>Yo cuento con una masa de asociados, con un bloque de seguidores, con un grupo ampl\u00edsimo de aficionados, que s\u00f3lo aspiran a que el Betis milite con aut\u00e9ntica categor\u00eda en Primera Divisi\u00f3n. Cuando llegu\u00e9 a la presidencia se dej\u00f3 de hablar de que el club podr\u00eda volver a Tercera. Ya no se cree probable que caiga en la Segunda Divisi\u00f3n\u2026Esa es mi labor presidencial, la que estima la masa que sigue a nuestro equipo, la opini\u00f3n general que refrenda mi modo de dirigir a este club, cuando emprende la decimoprimera temporada bajo mi mando\u2026 \u00bfQu\u00e9 pueden preocuparme los grupos o grupitos?&#8230; Todos saben que pretendo el relevo, pero, como he dicho muchas veces, no dejar\u00e9 al Betis, no permitir\u00e9 que mi labor se venga a tierra, hasta no saber del hombre que, en la presidencia, pueda mantener la l\u00ednea de ejecuci\u00f3n que tanto trabajo me cost\u00f3 marcar<\/em><\/span><\/li>\n<li><span style=\"color: #008000\"><em>\u00bfCree que esa gesti\u00f3n todo fue positivo?<\/em><\/span><\/li>\n<li><span style=\"color: #008000\"><em>Vamos a evitar todo lo que pueda parecer vanidad. Yo s\u00e9, y saben todos, lo que ha sido el Betis desde que yo me hice cargo de la presidencia. Lo que era y lo que es. De cara al seguidor, es lo \u00fanico rentable de una labor presidencial. Me marqu\u00e9 una meta ambiciosa con un club que, por su historia, nunca debi\u00f3 abandonar la Primera Divisi\u00f3n. A esa m\u00e1xima categor\u00eda de nuestro f\u00fatbol le llev\u00e9 yo, y en ella le mantendr\u00e9 mientras sea presidente. Si contara con una m\u00e1s firma colaboraci\u00f3n econ\u00f3mica de socios y seguidores jugar\u00edamos con una mayor ambici\u00f3n. Pero contando con lo que contamos, creo que es \u00e9xito permanente tener nombre y prestancia en la divisi\u00f3n de los mejores. Al fin y al cabo, en Primera s\u00f3lo juegas diecis\u00e9is equipos, y entre los doce primeros lleva el Betis muchos a\u00f1os, sin que haya fuerza que lo hunda\u2026<\/em><\/span><\/li>\n<\/ul>\n<p><span style=\"color: #008000\"><em>El presidente est\u00e1 satisfecho. Juega en serio. Sus cartas est\u00e1n vistas. Una afici\u00f3n radicalmente a su lado y un equipo con aires de Primera\u2026\u00a0\u00a0\u00a0 \u00a0<\/em><\/span><\/p>\n","protected":false},"excerpt":{"rendered":"<p>&nbsp; La temporada 1965-66 fue la \u00faltima de las 11 campa\u00f1as que Benito Villamar\u00edn estuvo al frente del club. Una temporada que comenz\u00f3 mal y termin\u00f3 mal, con un descenso a Segunda Divisi\u00f3n. La trayectoria del equipo verdiblanco ya en la temporada anterior, 1964-65, fue bastante endeble, salv\u00e1ndose de jugar la promoci\u00f3n en la \u00faltima&#8230;<\/p>\n","protected":false},"author":5,"featured_media":75416,"comment_status":"open","ping_status":"open","sticky":false,"template":"","format":"standard","meta":{"_kad_post_transparent":"","_kad_post_title":"","_kad_post_layout":"","_kad_post_sidebar_id":"","_kad_post_content_style":"","_kad_post_vertical_padding":"","_kad_post_feature":"","_kad_post_feature_position":"","_kad_post_header":false,"_kad_post_footer":false,"_kad_post_classname":"","_jetpack_memberships_contains_paid_content":false,"footnotes":"","jetpack_publicize_message":"","jetpack_publicize_feature_enabled":true,"jetpack_social_post_already_shared":true,"jetpack_social_options":{"image_generator_settings":{"template":"highway","default_image_id":0,"font":"","enabled":false},"version":2}},"categories":[902,891,1],"tags":[7334,8183,145],"class_list":["post-75415","post","type-post","status-publish","format-standard","has-post-thumbnail","hentry","category-1960-1969","category-directivos-temas","category-portada","tag-7334","tag-1965-66","tag-benito-villamarin"],"jetpack_publicize_connections":[],"jetpack_featured_media_url":"https:\/\/i0.wp.com\/www.manquepierda.com\/historiarealbetis\/files\/2020\/06\/Benito-Villamarin-1.jpg?fit=329%2C422&ssl=1","jetpack_sharing_enabled":true,"jetpack_shortlink":"https:\/\/wp.me\/p1ij08-jCn","jetpack-related-posts":[],"_links":{"self":[{"href":"https:\/\/www.manquepierda.com\/historiarealbetis\/wp-json\/wp\/v2\/posts\/75415","targetHints":{"allow":["GET"]}}],"collection":[{"href":"https:\/\/www.manquepierda.com\/historiarealbetis\/wp-json\/wp\/v2\/posts"}],"about":[{"href":"https:\/\/www.manquepierda.com\/historiarealbetis\/wp-json\/wp\/v2\/types\/post"}],"author":[{"embeddable":true,"href":"https:\/\/www.manquepierda.com\/historiarealbetis\/wp-json\/wp\/v2\/users\/5"}],"replies":[{"embeddable":true,"href":"https:\/\/www.manquepierda.com\/historiarealbetis\/wp-json\/wp\/v2\/comments?post=75415"}],"version-history":[{"count":1,"href":"https:\/\/www.manquepierda.com\/historiarealbetis\/wp-json\/wp\/v2\/posts\/75415\/revisions"}],"predecessor-version":[{"id":99480,"href":"https:\/\/www.manquepierda.com\/historiarealbetis\/wp-json\/wp\/v2\/posts\/75415\/revisions\/99480"}],"wp:featuredmedia":[{"embeddable":true,"href":"https:\/\/www.manquepierda.com\/historiarealbetis\/wp-json\/wp\/v2\/media\/75416"}],"wp:attachment":[{"href":"https:\/\/www.manquepierda.com\/historiarealbetis\/wp-json\/wp\/v2\/media?parent=75415"}],"wp:term":[{"taxonomy":"category","embeddable":true,"href":"https:\/\/www.manquepierda.com\/historiarealbetis\/wp-json\/wp\/v2\/categories?post=75415"},{"taxonomy":"post_tag","embeddable":true,"href":"https:\/\/www.manquepierda.com\/historiarealbetis\/wp-json\/wp\/v2\/tags?post=75415"}],"curies":[{"name":"wp","href":"https:\/\/api.w.org\/{rel}","templated":true}]}}