{"id":75431,"date":"2020-06-13T09:30:53","date_gmt":"2020-06-13T07:30:53","guid":{"rendered":"http:\/\/www.manquepierda.com\/historiarealbetis\/?p=75431"},"modified":"2024-08-09T11:16:19","modified_gmt":"2024-08-09T09:16:19","slug":"alineacion-betis-granada-liga-1958","status":"publish","type":"post","link":"https:\/\/www.manquepierda.com\/historiarealbetis\/alineacion-betis-granada-liga-1958\/","title":{"rendered":"Alineaci\u00f3n Betis-Granada Liga 1958"},"content":{"rendered":"\n<div class=\"wp-block-image\"><figure class=\"aligncenter size-full\"><img data-recalc-dims=\"1\" loading=\"lazy\" decoding=\"async\" width=\"615\" height=\"424\" src=\"https:\/\/i0.wp.com\/www.manquepierda.com\/historiarealbetis\/files\/2020\/06\/Alineacion-Betis-Granada-Liga-1958.jpg?resize=615%2C424&#038;ssl=1\" alt=\"\" class=\"wp-image-84361\" srcset=\"https:\/\/i0.wp.com\/www.manquepierda.com\/historiarealbetis\/files\/2020\/06\/Alineacion-Betis-Granada-Liga-1958.jpg?w=615&amp;ssl=1 615w, https:\/\/i0.wp.com\/www.manquepierda.com\/historiarealbetis\/files\/2020\/06\/Alineacion-Betis-Granada-Liga-1958.jpg?resize=220%2C152&amp;ssl=1 220w\" sizes=\"auto, (max-width: 615px) 100vw, 615px\" \/><\/figure><\/div>\n\n\n<p><\/p>\n<p>14 de septiembre de 1958 en Heli\u00f3polis&nbsp; Betis 2&nbsp; Granada 1; jornada 1 del Campeonato de Liga de Primera Divisi\u00f3n.<\/p>\n<p>En la imagen arriba Otero, Oliet, Valderas, Isidro, Paqui y Portu; abajo Lasa, Azpeitia, Kuszmann, Areta y Del Sol.<\/p>\n<p>Con esta formaci\u00f3n el Betis volv\u00eda a Primera Divisi\u00f3n 15 a\u00f1os despu\u00e9s. Y con dos tantos de Janos Kuszmann en los minutos 20 y 38 consegu\u00eda la primera victoria de la temporada.<\/p>\n<p>Antonio Barrios entrenaba al Betis y Alejandro Scopelli al Granada.<\/p>","protected":false},"excerpt":{"rendered":"<p>14 de septiembre de 1958 en Heli\u00f3polis&nbsp; Betis 2&nbsp; Granada 1; jornada 1 del Campeonato de Liga de Primera Divisi\u00f3n. En la imagen arriba Otero, Oliet, Valderas, Isidro, Paqui y Portu; abajo Lasa, Azpeitia, Kuszmann, Areta y Del Sol. Con esta formaci\u00f3n el Betis volv\u00eda a Primera Divisi\u00f3n 15 a\u00f1os despu\u00e9s. Y con dos tantos&#8230;<\/p>\n","protected":false},"author":5,"featured_media":84361,"comment_status":"open","ping_status":"open","sticky":false,"template":"","format":"standard","meta":{"_kad_post_transparent":"","_kad_post_title":"","_kad_post_layout":"","_kad_post_sidebar_id":"","_kad_post_content_style":"","_kad_post_vertical_padding":"","_kad_post_feature":"","_kad_post_feature_position":"","_kad_post_header":false,"_kad_post_footer":false,"_kad_post_classname":"","_jetpack_memberships_contains_paid_content":false,"footnotes":"","jetpack_publicize_message":"","jetpack_publicize_feature_enabled":true,"jetpack_social_post_already_shared":true,"jetpack_social_options":{"image_generator_settings":{"template":"highway","default_image_id":0,"font":"","enabled":false},"version":2}},"categories":[901,1],"tags":[1237,2248,1317,1056,3134,1599,3508,2579,1388,1468,1319,17789,541,1140,1580],"class_list":["post-75431","post","type-post","status-publish","format-standard","has-post-thumbnail","hentry","category-1950-1959","category-portada","tag-1237","tag-1958-59","tag-esteban-areta","tag-francisco-gomez-paqui","tag-granada-cf","tag-isidro-sanchez","tag-janos-kuszmann","tag-jose-besteiro-portu","tag-jose-valderas","tag-juan-ignacio-otero","tag-leon-lasa","tag-liga-primera-1958-59","tag-luis-del-sol","tag-ramon-oliet","tag-tomas-azpeitia"],"jetpack_publicize_connections":[],"jetpack_featured_media_url":"https:\/\/i0.wp.com\/www.manquepierda.com\/historiarealbetis\/files\/2020\/06\/Alineacion-Betis-Granada-Liga-1958.jpg?fit=615%2C424&ssl=1","jetpack_sharing_enabled":true,"jetpack_shortlink":"https:\/\/wp.me\/p1ij08-jCD","jetpack-related-posts":[],"_links":{"self":[{"href":"https:\/\/www.manquepierda.com\/historiarealbetis\/wp-json\/wp\/v2\/posts\/75431","targetHints":{"allow":["GET"]}}],"collection":[{"href":"https:\/\/www.manquepierda.com\/historiarealbetis\/wp-json\/wp\/v2\/posts"}],"about":[{"href":"https:\/\/www.manquepierda.com\/historiarealbetis\/wp-json\/wp\/v2\/types\/post"}],"author":[{"embeddable":true,"href":"https:\/\/www.manquepierda.com\/historiarealbetis\/wp-json\/wp\/v2\/users\/5"}],"replies":[{"embeddable":true,"href":"https:\/\/www.manquepierda.com\/historiarealbetis\/wp-json\/wp\/v2\/comments?post=75431"}],"version-history":[{"count":2,"href":"https:\/\/www.manquepierda.com\/historiarealbetis\/wp-json\/wp\/v2\/posts\/75431\/revisions"}],"predecessor-version":[{"id":84363,"href":"https:\/\/www.manquepierda.com\/historiarealbetis\/wp-json\/wp\/v2\/posts\/75431\/revisions\/84363"}],"wp:featuredmedia":[{"embeddable":true,"href":"https:\/\/www.manquepierda.com\/historiarealbetis\/wp-json\/wp\/v2\/media\/84361"}],"wp:attachment":[{"href":"https:\/\/www.manquepierda.com\/historiarealbetis\/wp-json\/wp\/v2\/media?parent=75431"}],"wp:term":[{"taxonomy":"category","embeddable":true,"href":"https:\/\/www.manquepierda.com\/historiarealbetis\/wp-json\/wp\/v2\/categories?post=75431"},{"taxonomy":"post_tag","embeddable":true,"href":"https:\/\/www.manquepierda.com\/historiarealbetis\/wp-json\/wp\/v2\/tags?post=75431"}],"curies":[{"name":"wp","href":"https:\/\/api.w.org\/{rel}","templated":true}]}}