{"id":75459,"date":"2020-06-24T09:07:12","date_gmt":"2020-06-24T07:07:12","guid":{"rendered":"http:\/\/www.manquepierda.com\/historiarealbetis\/?p=75459"},"modified":"2024-09-25T19:31:55","modified_gmt":"2024-09-25T17:31:55","slug":"alineacion-betis-espanyol-liga-2001","status":"publish","type":"post","link":"https:\/\/www.manquepierda.com\/historiarealbetis\/alineacion-betis-espanyol-liga-2001\/","title":{"rendered":"Alineaci\u00f3n Betis-Espanyol Liga 2001"},"content":{"rendered":"<p><a href=\"https:\/\/i0.wp.com\/www.manquepierda.com\/historiarealbetis\/files\/2020\/06\/Alineaci%C3%B3n-Betis-Espa%C3%B1ol-Liga-2001.jpg?ssl=1\"><img data-recalc-dims=\"1\" loading=\"lazy\" decoding=\"async\" class=\"aligncenter size-medium wp-image-75460\" src=\"https:\/\/i0.wp.com\/www.manquepierda.com\/historiarealbetis\/files\/2020\/06\/Alineaci%C3%B3n-Betis-Espa%C3%B1ol-Liga-2001.jpg?resize=680%2C465&#038;ssl=1\" alt=\"\" width=\"680\" height=\"465\" srcset=\"https:\/\/i0.wp.com\/www.manquepierda.com\/historiarealbetis\/files\/2020\/06\/Alineaci%C3%B3n-Betis-Espa%C3%B1ol-Liga-2001.jpg?resize=680%2C465&amp;ssl=1 680w, https:\/\/i0.wp.com\/www.manquepierda.com\/historiarealbetis\/files\/2020\/06\/Alineaci%C3%B3n-Betis-Espa%C3%B1ol-Liga-2001.jpg?resize=220%2C151&amp;ssl=1 220w, https:\/\/i0.wp.com\/www.manquepierda.com\/historiarealbetis\/files\/2020\/06\/Alineaci%C3%B3n-Betis-Espa%C3%B1ol-Liga-2001.jpg?resize=768%2C526&amp;ssl=1 768w, https:\/\/i0.wp.com\/www.manquepierda.com\/historiarealbetis\/files\/2020\/06\/Alineaci%C3%B3n-Betis-Espa%C3%B1ol-Liga-2001.jpg?resize=75%2C52&amp;ssl=1 75w, https:\/\/i0.wp.com\/www.manquepierda.com\/historiarealbetis\/files\/2020\/06\/Alineaci%C3%B3n-Betis-Espa%C3%B1ol-Liga-2001.jpg?w=783&amp;ssl=1 783w\" sizes=\"auto, (max-width: 680px) 100vw, 680px\" \/><\/a><\/p>\n<p>9 de septiembre de 2001 en el Ruiz de Lopera&nbsp; Betis 2 Espanyol 0; jornada 2 del Campeonato de Liga de Primera Divisi\u00f3n,<\/p>\n<p>En la imagen arriba Denilson, Filipescu, Varela, Belenguer, Joao Tom\u00e1s y Prats; abajo Calado, Luis Fern\u00e1ndez, Casas, Joaqu\u00edn e Ito.<\/p>\n<p>Joaqu\u00edn en el minuto 10 y Casas en el 24 hicieron los tantos de la victoria verdiblanca.<\/p>\n<p>Juande Ramos entrenaba al Betis y Paco Flores el Espanyol.<\/p>\n","protected":false},"excerpt":{"rendered":"<p>9 de septiembre de 2001 en el Ruiz de Lopera&nbsp; Betis 2 Espanyol 0; jornada 2 del Campeonato de Liga de Primera Divisi\u00f3n, En la imagen arriba Denilson, Filipescu, Varela, Belenguer, Joao Tom\u00e1s y Prats; abajo Calado, Luis Fern\u00e1ndez, Casas, Joaqu\u00edn e Ito. Joaqu\u00edn en el minuto 10 y Casas en el 24 hicieron los&#8230;<\/p>\n","protected":false},"author":5,"featured_media":75460,"comment_status":"open","ping_status":"open","sticky":false,"template":"","format":"standard","meta":{"_kad_post_transparent":"","_kad_post_title":"","_kad_post_layout":"","_kad_post_sidebar_id":"","_kad_post_content_style":"","_kad_post_vertical_padding":"","_kad_post_feature":"","_kad_post_feature_position":"","_kad_post_header":false,"_kad_post_footer":false,"_kad_post_classname":"","_jetpack_memberships_contains_paid_content":false,"footnotes":"","jetpack_publicize_message":"","jetpack_publicize_feature_enabled":true,"jetpack_social_post_already_shared":true,"jetpack_social_options":{"image_generator_settings":{"template":"highway","default_image_id":0,"font":"","enabled":false},"version":2}},"categories":[4823,1],"tags":[4976,5846,1076,1486,2418,374,1380,4957,8938,3912,8939,17868,3495,711,16815],"class_list":["post-75459","post","type-post","status-publish","format-standard","has-post-thumbnail","hentry","category-2000-2009","category-portada","tag-4976","tag-2001-02","tag-antonio-alvarez-ito","tag-david-belenguer","tag-denilson-de-oliveira","tag-fernando-varela","tag-gaston-casas","tag-iulian-filipescu","tag-joao-tomas-pataco","tag-joaquin-sanchez","tag-jose-antonio-calado","tag-liga-primera-2001-02","tag-luis-fernandez","tag-rcd-espanyol","tag-toni-prats"],"jetpack_publicize_connections":[],"jetpack_featured_media_url":"https:\/\/i0.wp.com\/www.manquepierda.com\/historiarealbetis\/files\/2020\/06\/Alineaci%C3%B3n-Betis-Espa%C3%B1ol-Liga-2001.jpg?fit=783%2C536&ssl=1","jetpack_sharing_enabled":true,"jetpack_shortlink":"https:\/\/wp.me\/p1ij08-jD5","jetpack-related-posts":[],"_links":{"self":[{"href":"https:\/\/www.manquepierda.com\/historiarealbetis\/wp-json\/wp\/v2\/posts\/75459","targetHints":{"allow":["GET"]}}],"collection":[{"href":"https:\/\/www.manquepierda.com\/historiarealbetis\/wp-json\/wp\/v2\/posts"}],"about":[{"href":"https:\/\/www.manquepierda.com\/historiarealbetis\/wp-json\/wp\/v2\/types\/post"}],"author":[{"embeddable":true,"href":"https:\/\/www.manquepierda.com\/historiarealbetis\/wp-json\/wp\/v2\/users\/5"}],"replies":[{"embeddable":true,"href":"https:\/\/www.manquepierda.com\/historiarealbetis\/wp-json\/wp\/v2\/comments?post=75459"}],"version-history":[{"count":1,"href":"https:\/\/www.manquepierda.com\/historiarealbetis\/wp-json\/wp\/v2\/posts\/75459\/revisions"}],"predecessor-version":[{"id":99720,"href":"https:\/\/www.manquepierda.com\/historiarealbetis\/wp-json\/wp\/v2\/posts\/75459\/revisions\/99720"}],"wp:featuredmedia":[{"embeddable":true,"href":"https:\/\/www.manquepierda.com\/historiarealbetis\/wp-json\/wp\/v2\/media\/75460"}],"wp:attachment":[{"href":"https:\/\/www.manquepierda.com\/historiarealbetis\/wp-json\/wp\/v2\/media?parent=75459"}],"wp:term":[{"taxonomy":"category","embeddable":true,"href":"https:\/\/www.manquepierda.com\/historiarealbetis\/wp-json\/wp\/v2\/categories?post=75459"},{"taxonomy":"post_tag","embeddable":true,"href":"https:\/\/www.manquepierda.com\/historiarealbetis\/wp-json\/wp\/v2\/tags?post=75459"}],"curies":[{"name":"wp","href":"https:\/\/api.w.org\/{rel}","templated":true}]}}