{"id":75465,"date":"2020-06-25T09:45:51","date_gmt":"2020-06-25T07:45:51","guid":{"rendered":"http:\/\/www.manquepierda.com\/historiarealbetis\/?p=75465"},"modified":"2025-09-07T10:44:27","modified_gmt":"2025-09-07T08:44:27","slug":"nos-visita-el-rcd-espanyol-6","status":"publish","type":"post","link":"https:\/\/www.manquepierda.com\/historiarealbetis\/nos-visita-el-rcd-espanyol-6\/","title":{"rendered":"Nos visita el RCD Espanyol"},"content":{"rendered":"<p><a href=\"https:\/\/i0.wp.com\/www.manquepierda.com\/historiarealbetis\/files\/2020\/06\/RCD-Espanyol.jpg?ssl=1\"><img data-recalc-dims=\"1\" loading=\"lazy\" decoding=\"async\" class=\"size-full wp-image-75466 alignleft\" src=\"https:\/\/i0.wp.com\/www.manquepierda.com\/historiarealbetis\/files\/2020\/06\/RCD-Espanyol.jpg?resize=239%2C353&#038;ssl=1\" alt=\"\" width=\"239\" height=\"353\" srcset=\"https:\/\/i0.wp.com\/www.manquepierda.com\/historiarealbetis\/files\/2020\/06\/RCD-Espanyol.jpg?w=239&amp;ssl=1 239w, https:\/\/i0.wp.com\/www.manquepierda.com\/historiarealbetis\/files\/2020\/06\/RCD-Espanyol.jpg?resize=149%2C220&amp;ssl=1 149w\" sizes=\"auto, (max-width: 239px) 100vw, 239px\" \/><\/a>Hoy a las 22\u00a0horas recibiremos en el Benito Villamar\u00edn al Real Club Deportivo Espanyol, club fundado en 1900 y que ha disputado 84 temporadas en Primera Divisi\u00f3n y 4 en Segunda. Ha sido campe\u00f3n de Copa en 4 ocasiones.<\/p>\n<p>La primera visita del Espanyol a terreno b\u00e9tico fue con motivo de dos encuentros amistosos disputados los d\u00edas 1 y 5 de Enero de 1925 en el Patronato, y\u00a0 en los que se impuso el cuadro barcelon\u00e9s 1-5 y 0-1 respectivamente.<\/p>\n<p>El primer encuentro oficial fue el 8 de Mayo de 1932 en partido de ida de los octavos de final de la Copa. Un Betis, reci\u00e9n ascendido a la Primera Divisi\u00f3n un mes antes,\u00a0 venci\u00f3 2 a1 con tantos de Garc\u00eda de la Puerta y Timimi en la segunda parte, y que daban la vuelta al gol espa\u00f1olista marcado por Edelmiro.<\/p>\n<p>En un total de 63 ocasiones en partido oficial ha jugado el Espanyol en terreno b\u00e9tico, as\u00ed repartidas: 52 partidos en Primera Divisi\u00f3n (23 victorias del Betis, 14 empates y 15 victorias del Espanyol), 3 partidos en Segunda Divisi\u00f3n (2 victorias b\u00e9ticas y 1 empate) y 8 partidos de Copa (7 victorias del Betis y 1 empate).<\/p>\n<p>Estos 63 partidos 5 se jugaron en el Patronato, 6 en Heli\u00f3polis, 44 en el Benito Villamar\u00edn y 8 en el Ruiz de Lopera.<\/p>\n<p>Entre los jugadores que han militado en Espanyol y Betis mencionaremos a\u00a0 Jordi Amat, Leonardo Baptistao, Borja Iglesias, Jos\u00e9 Cano \u201cCanito\u201d, Jos\u00e9 Alberto Ca\u00f1as, Carlos Garc\u00eda, Miguel Castro, Carlos Cela, Javier Chica, Didac Vila, Javier \u201cM\u00e1gico\u201d D\u00edaz, Gabino Rodr\u00edguez, Mariano Gargallo, Juan Gonell,\u00a0 Francisco Grau, Antonio Alvarez \u201cIto\u201d, Jos\u00e9 Mar\u00eda S\u00e1nchez \u201cJob\u201d, Janos Kuszmann, Ram\u00f3n Lecuona, Manuel Fern\u00e1ndez \u201cManol\u00edn\u201d, Miguel Angel Garc\u00eda,\u00a0 Jos\u00e9 Pardo, Pau L\u00f3pez, Francisco Rossell\u00f3, Jaume Sabat\u00e9, Salva Sevilla, Salustiano S\u00e1nchez, Sergio Garc\u00eda, Sidnei Da Silva, Fernando Tabales, Jes\u00fas Tartil\u00e1n, V\u00edctor Torres Mestre, Antonio V\u00e1zquez, Fernando Vela, Juan Venys, Joan Verd\u00fa y Yanko Daucik.<\/p>\n<p>Entre los entrenadores Pedro Sol\u00e9, Antonio Barrios, Fernando Daucik, Ernesto Pons, Rafael Iriondo,\u00a0 Luis Aragon\u00e9s, Marcel Domingo, Javier Clemente, Juande Ramos, \u00a0Luis Fern\u00e1ndez y Joan Francesc Ferrer \u201cRubi\u201d. .<\/p>\n","protected":false},"excerpt":{"rendered":"<p>Hoy a las 22\u00a0horas recibiremos en el Benito Villamar\u00edn al Real Club Deportivo Espanyol, club fundado en 1900 y que ha disputado 84 temporadas en Primera Divisi\u00f3n y 4 en Segunda. Ha sido campe\u00f3n de Copa en 4 ocasiones. La primera visita del Espanyol a terreno b\u00e9tico fue con motivo de dos encuentros amistosos disputados&#8230;<\/p>\n","protected":false},"author":5,"featured_media":75466,"comment_status":"open","ping_status":"open","sticky":false,"template":"","format":"standard","meta":{"_kad_post_transparent":"","_kad_post_title":"","_kad_post_layout":"","_kad_post_sidebar_id":"","_kad_post_content_style":"","_kad_post_vertical_padding":"","_kad_post_feature":"","_kad_post_feature_position":"","_kad_post_header":false,"_kad_post_footer":false,"_kad_post_classname":"","_jetpack_memberships_contains_paid_content":false,"footnotes":"","jetpack_publicize_message":"","jetpack_publicize_feature_enabled":true,"jetpack_social_post_already_shared":true,"jetpack_social_options":{"image_generator_settings":{"template":"highway","default_image_id":0,"font":"","enabled":false},"version":2}},"categories":[895,1],"tags":[1583,1249,3854,17666,3860,7597,9371,8185,15226,2624,3855,1615,3821,1129,3508,1304,3848,3890,1377,13634,16931,9372,16476,12766,13356,3849,1931,1049,1213,2506,10037,1456,12810,18339,17754,1384,1138,3847,16853,3856,1215,15742,711,3028,1012,1048,16854,3753,1008],"class_list":["post-75465","post","type-post","status-publish","format-standard","has-post-thumbnail","hentry","category-los-rivales","category-portada","tag-antonio-alvarez-ito","tag-antonio-barrios","tag-antonio-vazquez","tag-borja-iglesias","tag-carlos-cela","tag-carlos-garcia","tag-didac-vila","tag-ernesto-pons","tag-fernando-daucik","tag-fernando-tabales","tag-fernando-vela","tag-francisco-grau","tag-francisco-rosello","tag-gabino-rodriguez","tag-janos-kuszmann","tag-jaume-sabate","tag-javier-magico-diaz","tag-javier-chica","tag-javier-clemente","tag-jesus-tartilan","tag-joan-francesc-ferrer-rubi","tag-joan-verdu","tag-jordi-amat","tag-jose-alberto-canas","tag-jose-cano-canito","tag-jose-maria-sanchez-job","tag-jose-pardo","tag-juan-venys","tag-juande-ramos","tag-julian-gonell","tag-leo-baptistao","tag-luis-aragones","tag-luis-fernandez-entrenador","tag-manuel-fernandez-manolin-2","tag-marcel-domingo","tag-mariano-gargallo","tag-miguel-angel-garcia","tag-miguel-castro","tag-pau-lopez","tag-pedro-sole","tag-rafael-iriondo","tag-ramon-lecuona","tag-rcd-espanyol","tag-salustiano-sanchez","tag-salva-sevilla","tag-sergio-garcia","tag-sidnei-da-silva","tag-victor-torres-mestre","tag-yanko-daucick"],"jetpack_publicize_connections":[],"jetpack_featured_media_url":"https:\/\/i0.wp.com\/www.manquepierda.com\/historiarealbetis\/files\/2020\/06\/RCD-Espanyol.jpg?fit=239%2C353&ssl=1","jetpack_sharing_enabled":true,"jetpack_shortlink":"https:\/\/wp.me\/p1ij08-jDb","jetpack-related-posts":[],"_links":{"self":[{"href":"https:\/\/www.manquepierda.com\/historiarealbetis\/wp-json\/wp\/v2\/posts\/75465","targetHints":{"allow":["GET"]}}],"collection":[{"href":"https:\/\/www.manquepierda.com\/historiarealbetis\/wp-json\/wp\/v2\/posts"}],"about":[{"href":"https:\/\/www.manquepierda.com\/historiarealbetis\/wp-json\/wp\/v2\/types\/post"}],"author":[{"embeddable":true,"href":"https:\/\/www.manquepierda.com\/historiarealbetis\/wp-json\/wp\/v2\/users\/5"}],"replies":[{"embeddable":true,"href":"https:\/\/www.manquepierda.com\/historiarealbetis\/wp-json\/wp\/v2\/comments?post=75465"}],"version-history":[{"count":2,"href":"https:\/\/www.manquepierda.com\/historiarealbetis\/wp-json\/wp\/v2\/posts\/75465\/revisions"}],"predecessor-version":[{"id":99438,"href":"https:\/\/www.manquepierda.com\/historiarealbetis\/wp-json\/wp\/v2\/posts\/75465\/revisions\/99438"}],"wp:featuredmedia":[{"embeddable":true,"href":"https:\/\/www.manquepierda.com\/historiarealbetis\/wp-json\/wp\/v2\/media\/75466"}],"wp:attachment":[{"href":"https:\/\/www.manquepierda.com\/historiarealbetis\/wp-json\/wp\/v2\/media?parent=75465"}],"wp:term":[{"taxonomy":"category","embeddable":true,"href":"https:\/\/www.manquepierda.com\/historiarealbetis\/wp-json\/wp\/v2\/categories?post=75465"},{"taxonomy":"post_tag","embeddable":true,"href":"https:\/\/www.manquepierda.com\/historiarealbetis\/wp-json\/wp\/v2\/tags?post=75465"}],"curies":[{"name":"wp","href":"https:\/\/api.w.org\/{rel}","templated":true}]}}