{"id":75529,"date":"2025-06-29T12:00:00","date_gmt":"2025-06-29T10:00:00","guid":{"rendered":"http:\/\/www.manquepierda.com\/historiarealbetis\/?p=75529"},"modified":"2025-05-03T18:02:12","modified_gmt":"2025-05-03T16:02:12","slug":"hoy-hace-65-anos-debut-de-jose-valderas","status":"publish","type":"post","link":"https:\/\/www.manquepierda.com\/historiarealbetis\/hoy-hace-65-anos-debut-de-jose-valderas\/","title":{"rendered":"Hoy hace 70 a\u00f1os. Debut de Jos\u00e9 Valderas"},"content":{"rendered":"<p>&nbsp;<\/p>\n<p><a href=\"https:\/\/i0.wp.com\/www.manquepierda.com\/historiarealbetis\/files\/2020\/06\/29-1955-Debut-de-Valderas.png?ssl=1\"><img data-recalc-dims=\"1\" loading=\"lazy\" decoding=\"async\" class=\"aligncenter  wp-image-75530\" src=\"https:\/\/i0.wp.com\/www.manquepierda.com\/historiarealbetis\/files\/2020\/06\/29-1955-Debut-de-Valderas.png?resize=323%2C397&#038;ssl=1\" alt=\"\" width=\"323\" height=\"397\"><\/a><\/p>\n<p><span style=\"color: #008000\">El 29 de junio de 1955 debuta en partido oficial con el Real Betis Balompi\u00e9 Jos\u00e9 Valderas Rum\u00ed, en el partido de la jornada 10 de la Copa Andaluc\u00eda que enfrenta&nbsp; a Ja\u00e9n y Betis en La Victoria.<\/span><\/p>\n<p><span style=\"color: #008000\">Cuando Valderas debut\u00f3 con el Betis ten\u00eda 19 a\u00f1os y proced\u00eda del conjunto amateur del Betis.<\/span><\/p>\n<p>&nbsp;<\/p>\n","protected":false},"excerpt":{"rendered":"<p>&nbsp; El 29 de junio de 1955 debuta en partido oficial con el Real Betis Balompi\u00e9 Jos\u00e9 Valderas Rum\u00ed, en el partido de la jornada 10 de la Copa Andaluc\u00eda que enfrenta&nbsp; a Ja\u00e9n y Betis en La Victoria. Cuando Valderas debut\u00f3 con el Betis ten\u00eda 19 a\u00f1os y proced\u00eda del conjunto amateur del Betis&#8230;.<\/p>\n","protected":false},"author":5,"featured_media":75530,"comment_status":"open","ping_status":"open","sticky":false,"template":"","format":"standard","meta":{"_kad_post_transparent":"","_kad_post_title":"","_kad_post_layout":"","_kad_post_sidebar_id":"","_kad_post_content_style":"","_kad_post_vertical_padding":"","_kad_post_feature":"","_kad_post_feature_position":"","_kad_post_header":false,"_kad_post_footer":false,"_kad_post_classname":"","_jetpack_memberships_contains_paid_content":false,"footnotes":"","jetpack_publicize_message":"","jetpack_publicize_feature_enabled":true,"jetpack_social_post_already_shared":true,"jetpack_social_options":{"image_generator_settings":{"template":"highway","default_image_id":0,"font":"","enabled":false},"version":2}},"categories":[901,14583,1],"tags":[55,18086,1388],"class_list":["post-75529","post","type-post","status-publish","format-standard","has-post-thumbnail","hentry","category-1950-1959","category-efemerides","category-portada","tag-55","tag-copa-andalucia-1954-55","tag-jose-valderas"],"jetpack_publicize_connections":[],"jetpack_featured_media_url":"https:\/\/i0.wp.com\/www.manquepierda.com\/historiarealbetis\/files\/2020\/06\/29-1955-Debut-de-Valderas.png?fit=132%2C162&ssl=1","jetpack_sharing_enabled":true,"jetpack_shortlink":"https:\/\/wp.me\/p1ij08-jEd","jetpack-related-posts":[],"_links":{"self":[{"href":"https:\/\/www.manquepierda.com\/historiarealbetis\/wp-json\/wp\/v2\/posts\/75529","targetHints":{"allow":["GET"]}}],"collection":[{"href":"https:\/\/www.manquepierda.com\/historiarealbetis\/wp-json\/wp\/v2\/posts"}],"about":[{"href":"https:\/\/www.manquepierda.com\/historiarealbetis\/wp-json\/wp\/v2\/types\/post"}],"author":[{"embeddable":true,"href":"https:\/\/www.manquepierda.com\/historiarealbetis\/wp-json\/wp\/v2\/users\/5"}],"replies":[{"embeddable":true,"href":"https:\/\/www.manquepierda.com\/historiarealbetis\/wp-json\/wp\/v2\/comments?post=75529"}],"version-history":[{"count":2,"href":"https:\/\/www.manquepierda.com\/historiarealbetis\/wp-json\/wp\/v2\/posts\/75529\/revisions"}],"predecessor-version":[{"id":103020,"href":"https:\/\/www.manquepierda.com\/historiarealbetis\/wp-json\/wp\/v2\/posts\/75529\/revisions\/103020"}],"wp:featuredmedia":[{"embeddable":true,"href":"https:\/\/www.manquepierda.com\/historiarealbetis\/wp-json\/wp\/v2\/media\/75530"}],"wp:attachment":[{"href":"https:\/\/www.manquepierda.com\/historiarealbetis\/wp-json\/wp\/v2\/media?parent=75529"}],"wp:term":[{"taxonomy":"category","embeddable":true,"href":"https:\/\/www.manquepierda.com\/historiarealbetis\/wp-json\/wp\/v2\/categories?post=75529"},{"taxonomy":"post_tag","embeddable":true,"href":"https:\/\/www.manquepierda.com\/historiarealbetis\/wp-json\/wp\/v2\/tags?post=75529"}],"curies":[{"name":"wp","href":"https:\/\/api.w.org\/{rel}","templated":true}]}}