{"id":75624,"date":"2025-07-29T12:00:00","date_gmt":"2025-07-29T10:00:00","guid":{"rendered":"http:\/\/www.manquepierda.com\/historiarealbetis\/?p=75624"},"modified":"2025-06-13T20:20:05","modified_gmt":"2025-06-13T18:20:05","slug":"hoy-hace-20-anos-juvenil-0-betis-7","status":"publish","type":"post","link":"https:\/\/www.manquepierda.com\/historiarealbetis\/hoy-hace-20-anos-juvenil-0-betis-7\/","title":{"rendered":"Hoy hace 25 a\u00f1os. Juvenil 0 Betis 7."},"content":{"rendered":"<p>&nbsp;<\/p>\n<p><span style=\"color: #008000\"><a href=\"https:\/\/i0.wp.com\/www.manquepierda.com\/historiarealbetis\/files\/2020\/06\/29-2000-Juvenil-0-Betis-7.jpg?ssl=1\"><img data-recalc-dims=\"1\" loading=\"lazy\" decoding=\"async\" class=\" wp-image-75625 alignleft\" src=\"https:\/\/i0.wp.com\/www.manquepierda.com\/historiarealbetis\/files\/2020\/06\/29-2000-Juvenil-0-Betis-7.jpg?resize=289%2C323&#038;ssl=1\" alt=\"\" width=\"289\" height=\"323\" srcset=\"https:\/\/i0.wp.com\/www.manquepierda.com\/historiarealbetis\/files\/2020\/06\/29-2000-Juvenil-0-Betis-7.jpg?w=500&amp;ssl=1 500w, https:\/\/i0.wp.com\/www.manquepierda.com\/historiarealbetis\/files\/2020\/06\/29-2000-Juvenil-0-Betis-7.jpg?resize=197%2C220&amp;ssl=1 197w\" sizes=\"auto, (max-width: 289px) 100vw, 289px\" \/><\/a>El 29 de julio de 2000 el Betis vence 0-7 al equipo gallego del Juvenil de Ponte\u00e1reas en el campo de Pardellas.<\/span><\/p>\n<p><span style=\"color: #008000\">Es el segundo amistoso que el equipo verdiblanco celebra durante su concentraci\u00f3n de pretemporada en la localidad de Mondariz.<\/span><\/p>\n<p><span style=\"color: #008000\">G\u00e1lvez, Alfonso en dos ocasiones, Oli en otras dos, y Cu\u00e9llar y Varela fueron los autores de los tantos en la clara victoria verdiblanca.<\/span><\/p>\n<p><span style=\"color: #008000\">El Juvenil form\u00f3 de inicio con Soto; Paco, Guille, Miki, Ad\u00e1n; Juan, Richi, Garc\u00eda, Oscar; Juanjo y V\u00edctor.<\/span><\/p>\n<p><span style=\"color: #008000\">El Betis, dirigido por Fernando V\u00e1zquez, aline\u00f3 en la primera parte a Prats; Merino, Vidakovic, Rivas, Torres Mestre; Juan Jes\u00fas, Ito, Capi, Romero; Alfonso y G\u00e1lvez. En la segunda parte jug\u00f3 con Prats (75, Doblas); Otero, Bornes, Soloz\u00e1bal, Luis Fern\u00e1ndez; Varela, Ca\u00f1as, Casta\u00f1o, Benjam\u00edn; Cu\u00e9llar y Oli.\u00a0<\/span><\/p>\n","protected":false},"excerpt":{"rendered":"<p>&nbsp; El 29 de julio de 2000 el Betis vence 0-7 al equipo gallego del Juvenil de Ponte\u00e1reas en el campo de Pardellas. Es el segundo amistoso que el equipo verdiblanco celebra durante su concentraci\u00f3n de pretemporada en la localidad de Mondariz. G\u00e1lvez, Alfonso en dos ocasiones, Oli en otras dos, y Cu\u00e9llar y Varela&#8230;<\/p>\n","protected":false},"author":5,"featured_media":75625,"comment_status":"open","ping_status":"open","sticky":false,"template":"","format":"standard","meta":{"_kad_post_transparent":"","_kad_post_title":"","_kad_post_layout":"","_kad_post_sidebar_id":"","_kad_post_content_style":"","_kad_post_vertical_padding":"","_kad_post_feature":"","_kad_post_feature_position":"","_kad_post_header":false,"_kad_post_footer":false,"_kad_post_classname":"","_jetpack_memberships_contains_paid_content":false,"footnotes":"","jetpack_publicize_message":"","jetpack_publicize_feature_enabled":true,"jetpack_social_post_already_shared":true,"jetpack_social_options":{"image_generator_settings":{"template":"highway","default_image_id":0,"font":"","enabled":false},"version":2}},"categories":[4823,14583,1],"tags":[6730,17063],"class_list":["post-75624","post","type-post","status-publish","format-standard","has-post-thumbnail","hentry","category-2000-2009","category-efemerides","category-portada","tag-6730","tag-sociedad-deportiva-juvenil"],"jetpack_publicize_connections":[],"jetpack_featured_media_url":"https:\/\/i0.wp.com\/www.manquepierda.com\/historiarealbetis\/files\/2020\/06\/29-2000-Juvenil-0-Betis-7.jpg?fit=500%2C559&ssl=1","jetpack_sharing_enabled":true,"jetpack_shortlink":"https:\/\/wp.me\/p1ij08-jFK","jetpack-related-posts":[],"_links":{"self":[{"href":"https:\/\/www.manquepierda.com\/historiarealbetis\/wp-json\/wp\/v2\/posts\/75624","targetHints":{"allow":["GET"]}}],"collection":[{"href":"https:\/\/www.manquepierda.com\/historiarealbetis\/wp-json\/wp\/v2\/posts"}],"about":[{"href":"https:\/\/www.manquepierda.com\/historiarealbetis\/wp-json\/wp\/v2\/types\/post"}],"author":[{"embeddable":true,"href":"https:\/\/www.manquepierda.com\/historiarealbetis\/wp-json\/wp\/v2\/users\/5"}],"replies":[{"embeddable":true,"href":"https:\/\/www.manquepierda.com\/historiarealbetis\/wp-json\/wp\/v2\/comments?post=75624"}],"version-history":[{"count":1,"href":"https:\/\/www.manquepierda.com\/historiarealbetis\/wp-json\/wp\/v2\/posts\/75624\/revisions"}],"predecessor-version":[{"id":103415,"href":"https:\/\/www.manquepierda.com\/historiarealbetis\/wp-json\/wp\/v2\/posts\/75624\/revisions\/103415"}],"wp:featuredmedia":[{"embeddable":true,"href":"https:\/\/www.manquepierda.com\/historiarealbetis\/wp-json\/wp\/v2\/media\/75625"}],"wp:attachment":[{"href":"https:\/\/www.manquepierda.com\/historiarealbetis\/wp-json\/wp\/v2\/media?parent=75624"}],"wp:term":[{"taxonomy":"category","embeddable":true,"href":"https:\/\/www.manquepierda.com\/historiarealbetis\/wp-json\/wp\/v2\/categories?post=75624"},{"taxonomy":"post_tag","embeddable":true,"href":"https:\/\/www.manquepierda.com\/historiarealbetis\/wp-json\/wp\/v2\/tags?post=75624"}],"curies":[{"name":"wp","href":"https:\/\/api.w.org\/{rel}","templated":true}]}}