{"id":75746,"date":"2020-07-06T09:28:16","date_gmt":"2020-07-06T07:28:16","guid":{"rendered":"http:\/\/www.manquepierda.com\/historiarealbetis\/?p=75746"},"modified":"2024-09-03T19:04:48","modified_gmt":"2024-09-03T17:04:48","slug":"entrevista-jose-nunez-naranjo-1970","status":"publish","type":"post","link":"https:\/\/www.manquepierda.com\/historiarealbetis\/entrevista-jose-nunez-naranjo-1970\/","title":{"rendered":"Entrevista Jos\u00e9 N\u00fa\u00f1ez Naranjo 1970"},"content":{"rendered":"<p>&nbsp;<\/p>\n<p><a href=\"https:\/\/i0.wp.com\/www.manquepierda.com\/historiarealbetis\/files\/2020\/07\/Entrevista-Jos%C3%A9-N%C3%BA%C3%B1ez-Naranjo-1977.jpg?ssl=1\"><img data-recalc-dims=\"1\" loading=\"lazy\" decoding=\"async\" class=\"wp-image-75747 alignleft\" src=\"https:\/\/i0.wp.com\/www.manquepierda.com\/historiarealbetis\/files\/2020\/07\/Entrevista-Jos%C3%A9-N%C3%BA%C3%B1ez-Naranjo-1977.jpg?resize=285%2C383&#038;ssl=1\" alt=\"\" width=\"285\" height=\"383\" srcset=\"https:\/\/i0.wp.com\/www.manquepierda.com\/historiarealbetis\/files\/2020\/07\/Entrevista-Jos%C3%A9-N%C3%BA%C3%B1ez-Naranjo-1977.jpg?w=257&amp;ssl=1 257w, https:\/\/i0.wp.com\/www.manquepierda.com\/historiarealbetis\/files\/2020\/07\/Entrevista-Jos%C3%A9-N%C3%BA%C3%B1ez-Naranjo-1977.jpg?resize=164%2C220&amp;ssl=1 164w\" sizes=\"auto, (max-width: 285px) 100vw, 285px\" \/><\/a><\/p>\n<p>Con frecuencia, y con raz\u00f3n, se se\u00f1ala a Jos\u00e9 N\u00fa\u00f1ez Naranjo, como uno de los grandes presidentes de la historia verdiblanca. Es habitual que con el paso del tiempo se tienda a idealizar su etapa presidencial. Pero desde luego no toda ella fue un camino de rosas y hay que destacar la situaci\u00f3n que hered\u00f3 tras la segunda mitad de la d\u00e9cada de los 60, muy inestable y conflictiva institucionalmente, y que se fue agravando en el transcurso de su primera temporada como presidente.<\/p>\n<p>El 15 de julio de 1970 era el d\u00eda se\u00f1alado para realizar la asamblea general ordinaria de socios del Real Betis Balompi\u00e9, el momento de la temporada que serv\u00eda para hacer balance deportivo, econ\u00f3mico y social de la campa\u00f1a reci\u00e9n finalizada, as\u00ed como preparar la siguiente con la aprobaci\u00f3n del presupuesto econ\u00f3mico con el que se habr\u00eda de trabajar.<\/p>\n<p>Era la primera campa\u00f1a de N\u00fa\u00f1ez Naranjo en la presidencia del club y el balance no era desde luego positivo. En el terreno deportivo no se hab\u00eda cumplido el objetivo, el retorno a Primera Divisi\u00f3n, y por tercera temporada consecutiva el Betis seguir\u00eda en la divisi\u00f3n de plata. La oportunidad del ascenso se perdi\u00f3 en la pen\u00faltima jornada con un empate inesperado en casa con el San Andr\u00e9s. En el terreno econ\u00f3mico el club iba a presentar un importante d\u00e9ficit econ\u00f3mico en la asamblea ( en torno a los 7 millones de pesetas) y la deuda econ\u00f3mica derivada del impago de las obligaciones con las que se financi\u00f3 la compra de Heli\u00f3polis en 1961 comenzaba a ser m\u00e1s que preocupante. Y el aspecto social estaba condicionado por el bajo n\u00famero de socios,en torno a 8.000, que imposibilitaban el hacer m\u00e1s.<\/p>\n<p>El mismo d\u00eda de la asamblea en ABC se public\u00f3 esta entrevista a cargo del periodista Ricardo R\u00edos. Lo primero que en ella se realza era el pleno de la Federaci\u00f3n Espa\u00f1ola de F\u00fatbol\u00a0 celebrado el 9 de julio, y en el que el Betis fue elegido representante de los clubs de Segunda Divisi\u00f3n en la junta directiva de la Federaci\u00f3n. Era la primera vez en la historia en la que el Betis acced\u00eda a dicho organismo. Tambi\u00e9n se felicitaba el club por la aprobaci\u00f3n en en el pleno de la ampliaci\u00f3n de la Primera Divisi\u00f3n a 18 clubs.<\/p>\n<p>Posteriormente en la entrevista se pasa a la actualidad verdiblanca, centrada en la asamblea que ese d\u00eda se iba a celebrar en el Colegio Claret: la necesidad de refuerzos en la plantilla, la posibilidad de vender a los jugadores m\u00e1s cotizados del club, la maltrecha econom\u00eda del club, el d\u00e9ficit econ\u00f3mico que generaba la cantera, ese a\u00f1o a\u00fan mayor al reducirse los grupos de Tercera Divisi\u00f3n y obligar al Triana a unos desplazamientos mucho m\u00e1s costosos, el escaso n\u00famero de socios, los arreglos pendientes de hacer en el estadio, etc&#8230;<\/p>\n<p>Todo un desaf\u00edo para la directiva que encabezaba N\u00fa\u00f1ez Naranjo. Un desaf\u00edo que asumi\u00f3 y cumpli\u00f3 con creces desde su segunda temporada al mando del club, la 70-71, en la que se comenzaron a poner las bases del club de la d\u00e9cada de los 70.<\/p>\n<p>&nbsp;<\/p>\n<p><span style=\"color: #008000\"><em>Habla con matizado acento andaluz. Casi nunca mira a su interlocutor, sino que fija la mirada en un punto referencial, como queriendo buscar all\u00ed la inspiraci\u00f3n, la justa medida para no decir una palabra de m\u00e1s. De trato sencillo y cordial. Hombre de negocio que sabe atender a cada persona en su esfera. Sin doblez ni ret\u00f3rica. As\u00ed es don Jos\u00e9 N\u00fa\u00f1ez Naranjo, presidente del Betis.<\/em><\/span><\/p>\n<p><span style=\"color: #008000\"><em>Ayer, v\u00edspera de la asamblea general del club verdiblanco, estuve charlando largamente con \u00e9l.<\/em><\/span><\/p>\n<ul>\n<li><span style=\"color: #008000\"><em>Es obligado comenzar por el pleno federativo nacional, por el triunfo del Betis al obtener la representaci\u00f3n de los clubs de Segunda Divisi\u00f3n<\/em><\/span><\/li>\n<li><span style=\"color: #008000\"><em>En esta ocasi\u00f3n se ha dado la unidad del f\u00fatbol andaluz, que tanto pregona el se\u00f1or Acedo. El C\u00f3rdoba, que iba a presentar su candidatura, le retir\u00f3, para, en el mismo pleno, p\u00fablicamente, otorgarnos su voto. Los otros candidatos fueron Mallorca y Burgos. Los mallorquines alcanzaron una votaci\u00f3n muy baja. El Burgos, por su parte, se hab\u00eda movido mucho, pero las gestiones de Jos\u00e9 Mar\u00eda de la Concha, que est\u00e1 muy metido en el f\u00fatbol y tiene innumerables conocidos, dieron el resultado que se apetec\u00eda<\/em><\/span><\/li>\n<li><span style=\"color: #008000\"><em>\u00bfQu\u00e9 significa esta elecci\u00f3n personalmente para usted?<\/em><\/span><\/li>\n<li><span style=\"color: #008000\"><em>Una alegr\u00eda y una gran satisfacci\u00f3n. Pero no por la cosa personal, porque, desde que me hice cargo del Betis, no he buscado triunfos personales, sino por mi club<\/em><\/span><\/li>\n<li><span style=\"color: #008000\"><em>\u00bfEs cierto que hubo sus m\u00e1s y sus menos en la votaci\u00f3n?<\/em><\/span><\/li>\n<li><span style=\"color: #008000\"><em>S\u00ed, es cierto. Nos hab\u00edan prometido sus votos trece o catorce clubs; despu\u00e9s s\u00f3lo contamos con nueve o diez, o sea, que dos o tres cambiaron de parecer<\/em><\/span><\/li>\n<li><span style=\"color: #008000\"><em>La ampliaci\u00f3n de la Primera significa para el Betis un \u00e9xito, ya que \u00e9l ser\u00e1 de los m\u00e1s beneficiados, \u00bfno?<\/em><\/span><\/li>\n<li><span style=\"color: #008000\"><em>Significa un \u00e9xito para el f\u00fatbol espa\u00f1ol, para nosotros, por supuesto, pero para todos tambi\u00e9n. Tendremos m\u00e1s ingresos al jugar m\u00e1s partidos, y los jugadores estar\u00e1n m\u00e1s en activo. Claro, esto no le conviene a los equipos grandes, que casi siempre est\u00e1n participando en torneos internacionales y veraniegos, y que luego son los que llegan a las fases finales de la Copa<\/em><\/span><\/li>\n<li><span style=\"color: #008000\"><em>En definitiva, un Pleno muy grato para su club<\/em><\/span><\/li>\n<li><span style=\"color: #008000\"><em>Adem\u00e1s, me gust\u00f3 porque este a\u00f1o las Federaciones han ido con sus clubs, como debe ser, y a la hora de votar se patentiz\u00f3 la unidad<\/em><\/span><\/li>\n<li><span style=\"color: #008000\"><em>Zanjado el tema del Pleno. Vamos al Betis. Presidente, su equipo el a\u00f1o pasado con la misma plantilla que ahora tiene, y con el mismo entrenador\u2014salvo los encuentros iniciales\u2014no consigui\u00f3 el ascenso; estuvo cerca, es verdad, pero tambi\u00e9n es verdad que lo tuvo f\u00e1cil. No ha habido fichajes hasta el momento, pero el Betis necesita refuerzos, \u00bfno es cierto?<\/em><\/span><\/li>\n<li><span style=\"color: #008000\"><em>S\u00ed lo creo, pero lo que hace falta es encontrar esos refuerzos. Lo que yo no quiero es llevar a la asamblea dos o tres nombres por el mero hecho de llevarlos a ella. Eso ser\u00eda enga\u00f1ar a la afici\u00f3n y enga\u00f1arnos nosotros mismos. Ficharemos cuando llegue el momento y encontraremos los verdaderos refuerzos; porque si vamos a traer median\u00edas o jugadores iguales a los que tenemos, es mejor quedarse quieto<\/em><\/span><\/li>\n<li><span style=\"color: #008000\"><em>\u00bfEsos refuerzos pueden llegar a trav\u00e9s de los traspasos de algunos jugadores que ahora est\u00e1n en la plantilla?<\/em><\/span><\/li>\n<li><span style=\"color: #008000\"><em>Si al club le conviene traspasar jugadores a cambio de otros, lo haremos. Pero a lo mejor no traspasamos a ninguna de las figuras que todos creen que vamos a traspasar, y siguen jugando con nosotros, lo que no quiere decir que si encontramos un buen jugador no lo vayamos a fichar, como sucedi\u00f3 al a\u00f1o pasado con Ben\u00edtez<\/em><\/span><\/li>\n<li><span style=\"color: #008000\"><em>Los medios informativos venimos hablando de una serie de gestiones que el Betis realiza. Cara al aficionado, esto parece una justificaci\u00f3n mientras no se traduzca en fichajes. Por eso, presidente, le tengo que preguntar\u2014y perd\u00f3neme si le pongo en un aprieto\u2014los nombres de clubs con los que se hayan establecido contactos en estos d\u00edas<\/em><\/span><\/li>\n<li><span style=\"color: #008000\"><em>Relaciones directas hemos entablado con el Zaragoza, con el Castell\u00f3n y con el C\u00e1diz. Lo dem\u00e1s ha sido a trav\u00e9s de agentes que se han interesado por los jugadores, y nosotros les hemos dado precios y viceversa<\/em><\/span><\/li>\n<li><span style=\"color: #008000\"><em>Voy a personalizar, don Jos\u00e9, \u00bfes cierto que el Betis pide ocho millones por Quino?<\/em><\/span><\/li>\n<li><span style=\"color: #008000\"><em>La cuant\u00eda que pedimos es superior a los ocho millones. Tenemos fijado un precio por Quino, que si no lo podemos alcanzar en dinero efectivo en su totalidad, se podr\u00eda completar con jugadores que nuestros t\u00e9cnicos valorar\u00edan<\/em><\/span><\/li>\n<li><span style=\"color: #008000\"><em>\u00bfCu\u00e1l ha sido el equipo que m\u00e1s se ha interesado por este jugador?<\/em><\/span><\/li>\n<li><span style=\"color: #008000\"><em>Seg\u00fan dicen han estado el Valencia, Real Madrid, tambi\u00e9n el Zaragoza, pero la realidad es que, directamente conmigo, no se ha entendido ninguno<\/em><\/span><\/li>\n<li><span style=\"color: #008000\"><em>\u00bfY Rogelio?<\/em><\/span><\/li>\n<li><span style=\"color: #008000\"><em>Por Rogelio se interes\u00f3 mucho en principio el M\u00e1laga. Nosotros le dimos la cotizaci\u00f3n que creemos digna de Rogelio\u2026<\/em><\/span><\/li>\n<li><span style=\"color: #008000\"><em>M\u00e1s de seis millones, \u00bfno?<\/em><\/span><\/li>\n<li><span style=\"color: #008000\"><em>S\u00ed, superior a los seis millones. El M\u00e1laga ofreci\u00f3 menos y Rogelio est\u00e1 con nosotros<\/em><\/span><\/li>\n<li><span style=\"color: #008000\"><em>Sinceramente, \u00bfes cierto que la econom\u00eda del Betis est\u00e1 tan mal como por ah\u00ed se dice?<\/em><\/span><\/li>\n<li><span style=\"color: #008000\"><em>Muy mal no. Est\u00e1 mal, porque sobre nosotros recaen todav\u00eda las obligaciones que se emitieron para la compra del campo, que se valor\u00f3 en doce millones de pesetas; se emitieron obligaciones por diecisiete millones, no se ha pagado nada de estas obligaciones y, aparte de esto, los intereses de cuatro a cinco a\u00f1os que hace que se emitieron estas obligaciones tampoco se han pagado. Todo esto se ha ido acumulando, y el d\u00e9ficit que tiene el Betis sobrepasa los veintitr\u00e9s millones de pesetas, eso aparte de los que se van produciendo todos los a\u00f1os. Hay que tener en cuenta que el n\u00famero de socios es escaso, aproximadamente unos ocho mil. Los gastos todos han subido, desplazamientos, hospedajes, sueldos de jugadores, las fichas. Muchos creen que nosotros les pagamos demasiado a los jugadores; yo he tenido ocasi\u00f3n de ver ahora, en Madrid, que muchos equipos de Segunda, e incluso de Tercera, pagan m\u00e1s que el Betis. Todo ha subido y, sin embargo, los socios siguen abonando las cuotas antiguas. Esto produce todos los a\u00f1os un desfase que se va acumulando, y gracias a que en la pasada temporada nos desprendimos de Ant\u00f3n, ese desfase se cubri\u00f3; esta temporada, como no nos hemos desprendido de nadie a\u00fan, contin\u00faa existiendo el desfase. Queremos, bien con el aumento de socios, bien con la subida de cuotas, o bien con otra soluci\u00f3n, detener ese d\u00e9ficit. Por ello levamos algunos estudios que se presentar\u00e1n a la asamblea, para ver si podemos conseguir algunos super\u00e1vit<\/em><\/span><\/li>\n<li><span style=\"color: #008000\"><em>Uno de los temas de la asamblea va a ser el Triana, \u00bfno?<\/em><\/span><\/li>\n<li><span style=\"color: #008000\"><em>S\u00ed. La papeleta que nos presenta el Triana en esta nueva Tercera Divisi\u00f3n es enorme. Hemos realizado la cuenta de los kil\u00f3metros que tiene que recorrer el filial y sobrepasa los doce mil. Ya no podr\u00e1 el equipo salir por la ma\u00f1ana y volver por la noche; sino que habr\u00e1 de salir un d\u00eda antes y volver un d\u00eda despu\u00e9s del partido. Esto supone un gran desembolso. Habr\u00e1 que estudiarlo en la asamblea. Igual pasa con los equipos canteras, cuya organizaci\u00f3n es muy costosa, aunque los resultados sean magn\u00edficos. Si no encontramos un apoyo en la afici\u00f3n, tendremos que ir rescindi\u00e9ndoles<\/em><\/span><\/li>\n<li><span style=\"color: #008000\"><em>\u00bfQu\u00e9 m\u00e1s se va a tratar en la asamblea?<\/em><\/span><\/li>\n<li><span style=\"color: #008000\"><em>Tenemos que hacer ver a los socios que, si no aumentamos el n\u00famero de los mismos, habr\u00e1 que aumentar la cuota del recibo. Lo ideal ser\u00eda el aumento de socios, pero\u2026 Otra propuesta ser\u00eda subir el n\u00famero de socios numerarios, y a los supernumerarios que se hayan mantenido durante cinco a\u00f1os ininterrumpidos en tal condici\u00f3n, facilitarles el paso para que sean socios numerarios. La asamblea decidir\u00e1,<\/em><\/span><\/li>\n<li><span style=\"color: #008000\"><em>Sobre el estadio Villamar\u00edn\u2026<\/em><\/span><\/li>\n<li><span style=\"color: #008000\"><em>Tambi\u00e9n presentaremos un estudio sobre la terminaci\u00f3n del campo. El arreglo que le est\u00e1n haciendo al terreno de juego y la conservaci\u00f3n costar\u00e1n alrededor del medio mill\u00f3n de pesetas. Pretendemos subsanar el problema de las cabinas radiof\u00f3nicas. Se cambiar\u00e1n las puertas de general por unas similares a las que hay en preferencia. Es igualmente preocupaci\u00f3n de la directiva la iluminaci\u00f3n el\u00e9ctrica; se est\u00e1n estudiando los presupuestos, que son elevad\u00edsimos, y ya veremos. Otra pretensi\u00f3n es cerrar el exterior del campo que queda tras el marcador simult\u00e1neo, con el fin de que all\u00ed se pueda entrenar cuando comiencen las lluvias<\/em><\/span><\/li>\n<li><span style=\"color: #008000\"><em>\u00bfCu\u00e1l es la postura de la Junta Directiva?<\/em><\/span><\/li>\n<li><span style=\"color: #008000\"><em>Ahora mismo todos los directivos han puesto sus cargos a mi disposici\u00f3n. Yo los pondr\u00e9 a disposici\u00f3n de la asamblea. Para que ella determine, con su voto de confianza, si podemos continuar<\/em><\/span><\/li>\n<li><span style=\"color: #008000\"><em>Un a\u00f1o lleva usted en la presidencia del Betis. \u00bfContento de su labor?<\/em><\/span><\/li>\n<li><span style=\"color: #008000\"><em>Personalmente creo que s\u00ed. Pero mirando hacia la afici\u00f3n\u2026Ella s\u00f3lo quiere el triunfo, el ascenso. En esto no hemos tenido suerte, y por lo tanto, para el aficionado no creo que haya sido satisfactorio mi mandato. Yo he hecho todo lo posible<\/em><\/span><\/li>\n<\/ul>\n<p><span style=\"color: #008000\"><em>Lo ha dicho con sencillez, con hombr\u00eda, queriendo buscar una justificaci\u00f3n para no echar la culpa a nadie, para cargar con una responsabilidad que \u00e9l sabe que tiene como presidente. Es un dato, una nota a destacar con la que cierra la entrevista. Que recapaciten los b\u00e9ticos. La continuidad es importante. Cuando los hombres trabajan y se hacen responsables, el resultado depende, entonces de otras circunstancias. Habr\u00e1 que esperar las \u201ccircunstancias\u201d del Betis esta temporada. \u00a0\u00a0\u00a0\u00a0\u00a0\u00a0\u00a0\u00a0\u00a0 <\/em><\/span><\/p>\n","protected":false},"excerpt":{"rendered":"<p>&nbsp; Con frecuencia, y con raz\u00f3n, se se\u00f1ala a Jos\u00e9 N\u00fa\u00f1ez Naranjo, como uno de los grandes presidentes de la historia verdiblanca. Es habitual que con el paso del tiempo se tienda a idealizar su etapa presidencial. Pero desde luego no toda ella fue un camino de rosas y hay que destacar la situaci\u00f3n que&#8230;<\/p>\n","protected":false},"author":5,"featured_media":75747,"comment_status":"open","ping_status":"open","sticky":false,"template":"","format":"standard","meta":{"_kad_post_transparent":"","_kad_post_title":"","_kad_post_layout":"","_kad_post_sidebar_id":"","_kad_post_content_style":"","_kad_post_vertical_padding":"","_kad_post_feature":"","_kad_post_feature_position":"","_kad_post_header":false,"_kad_post_footer":false,"_kad_post_classname":"","_jetpack_memberships_contains_paid_content":false,"footnotes":"","jetpack_publicize_message":"","jetpack_publicize_feature_enabled":true,"jetpack_social_post_already_shared":true,"jetpack_social_options":{"image_generator_settings":{"template":"highway","default_image_id":0,"font":"","enabled":false},"version":2}},"categories":[903,891,1],"tags":[4639,1220,10430],"class_list":["post-75746","post","type-post","status-publish","format-standard","has-post-thumbnail","hentry","category-1970-1979","category-directivos-temas","category-portada","tag-4639","tag-jose-nunez-naranjo","tag-ricardo-rios"],"jetpack_publicize_connections":[],"jetpack_featured_media_url":"https:\/\/i0.wp.com\/www.manquepierda.com\/historiarealbetis\/files\/2020\/07\/Entrevista-Jos%C3%A9-N%C3%BA%C3%B1ez-Naranjo-1977.jpg?fit=257%2C345&ssl=1","jetpack_sharing_enabled":true,"jetpack_shortlink":"https:\/\/wp.me\/p1ij08-jHI","jetpack-related-posts":[],"_links":{"self":[{"href":"https:\/\/www.manquepierda.com\/historiarealbetis\/wp-json\/wp\/v2\/posts\/75746","targetHints":{"allow":["GET"]}}],"collection":[{"href":"https:\/\/www.manquepierda.com\/historiarealbetis\/wp-json\/wp\/v2\/posts"}],"about":[{"href":"https:\/\/www.manquepierda.com\/historiarealbetis\/wp-json\/wp\/v2\/types\/post"}],"author":[{"embeddable":true,"href":"https:\/\/www.manquepierda.com\/historiarealbetis\/wp-json\/wp\/v2\/users\/5"}],"replies":[{"embeddable":true,"href":"https:\/\/www.manquepierda.com\/historiarealbetis\/wp-json\/wp\/v2\/comments?post=75746"}],"version-history":[{"count":1,"href":"https:\/\/www.manquepierda.com\/historiarealbetis\/wp-json\/wp\/v2\/posts\/75746\/revisions"}],"predecessor-version":[{"id":98539,"href":"https:\/\/www.manquepierda.com\/historiarealbetis\/wp-json\/wp\/v2\/posts\/75746\/revisions\/98539"}],"wp:featuredmedia":[{"embeddable":true,"href":"https:\/\/www.manquepierda.com\/historiarealbetis\/wp-json\/wp\/v2\/media\/75747"}],"wp:attachment":[{"href":"https:\/\/www.manquepierda.com\/historiarealbetis\/wp-json\/wp\/v2\/media?parent=75746"}],"wp:term":[{"taxonomy":"category","embeddable":true,"href":"https:\/\/www.manquepierda.com\/historiarealbetis\/wp-json\/wp\/v2\/categories?post=75746"},{"taxonomy":"post_tag","embeddable":true,"href":"https:\/\/www.manquepierda.com\/historiarealbetis\/wp-json\/wp\/v2\/tags?post=75746"}],"curies":[{"name":"wp","href":"https:\/\/api.w.org\/{rel}","templated":true}]}}