{"id":75792,"date":"2020-07-12T10:01:17","date_gmt":"2020-07-12T08:01:17","guid":{"rendered":"http:\/\/www.manquepierda.com\/historiarealbetis\/?p=75792"},"modified":"2020-07-11T17:18:31","modified_gmt":"2020-07-11T15:18:31","slug":"la-historia-jamas-contada-de-manuel-fernandez-de-cordoba","status":"publish","type":"post","link":"https:\/\/www.manquepierda.com\/historiarealbetis\/la-historia-jamas-contada-de-manuel-fernandez-de-cordoba\/","title":{"rendered":"La historia jam\u00e1s contada, de Manuel Fern\u00e1ndez de C\u00f3rdoba"},"content":{"rendered":"<p><a href=\"https:\/\/i0.wp.com\/www.manquepierda.com\/historiarealbetis\/files\/2020\/07\/La-historia-jam%C3%A1s-contada--scaled.jpg?ssl=1\"><img data-recalc-dims=\"1\" loading=\"lazy\" decoding=\"async\" class=\"aligncenter size-medium wp-image-75793\" src=\"https:\/\/i0.wp.com\/www.manquepierda.com\/historiarealbetis\/files\/2020\/07\/La-historia-jam%C3%A1s-contada-.jpg?resize=426%2C600&#038;ssl=1\" alt=\"\" width=\"426\" height=\"600\" srcset=\"https:\/\/i0.wp.com\/www.manquepierda.com\/historiarealbetis\/files\/2020\/07\/La-historia-jam%C3%A1s-contada--scaled.jpg?resize=426%2C600&amp;ssl=1 426w, https:\/\/i0.wp.com\/www.manquepierda.com\/historiarealbetis\/files\/2020\/07\/La-historia-jam%C3%A1s-contada--scaled.jpg?resize=497%2C700&amp;ssl=1 497w, https:\/\/i0.wp.com\/www.manquepierda.com\/historiarealbetis\/files\/2020\/07\/La-historia-jam%C3%A1s-contada--scaled.jpg?resize=156%2C220&amp;ssl=1 156w, https:\/\/i0.wp.com\/www.manquepierda.com\/historiarealbetis\/files\/2020\/07\/La-historia-jam%C3%A1s-contada--scaled.jpg?resize=768%2C1082&amp;ssl=1 768w, https:\/\/i0.wp.com\/www.manquepierda.com\/historiarealbetis\/files\/2020\/07\/La-historia-jam%C3%A1s-contada--scaled.jpg?resize=1090%2C1536&amp;ssl=1 1090w, https:\/\/i0.wp.com\/www.manquepierda.com\/historiarealbetis\/files\/2020\/07\/La-historia-jam%C3%A1s-contada--scaled.jpg?resize=1454%2C2048&amp;ssl=1 1454w, https:\/\/i0.wp.com\/www.manquepierda.com\/historiarealbetis\/files\/2020\/07\/La-historia-jam%C3%A1s-contada--scaled.jpg?w=1817&amp;ssl=1 1817w\" sizes=\"auto, (max-width: 426px) 100vw, 426px\" \/><\/a><\/p>\n<p>En el a\u00f1o 2001 Manuel Carmona public\u00f3 la primera parte de \u00abLa historia jam\u00e1s contada del Real Betis Balompi\u00e9\u00bb, que narraba los primeros a\u00f1os de la historia verdiblanca desde sus inicios hasta 1935.<\/p>\n<p>Manuel Carmona representa un antes y un despu\u00e9s en la investigaci\u00f3n sobre la historia de nuestro club. Fue el primero que, de una forma sistem\u00e1tica, emprendi\u00f3 una labor ordenada de consulta y b\u00fasqueda en las fuentes documentales procedentes de la Hemeroteca Municipal de Sevilla, de forma que una gran parte de lo que hoy conocemos procede de lo ya apuntado en esta obra.<\/p>\n<p>Posteriormente Manuel Carmona ha desarrollado otras obras relacionadas con la historia del Real Betis Balompi\u00e9, y en todas ellas ha dejado testimonio de un trabajo riguroso y documentado.<\/p>\n<p>Cuando en diciembre de 2001 se present\u00f3 la obra el periodista Manuel Fern\u00e1ndez de C\u00f3rdoba le dio la bienvenida en ABC con este art\u00edculo de reconocimiento hacia Manuel Carmona y su gran labor de investigaci\u00f3n.<\/p>\n<p>&nbsp;<\/p>\n<p><span style=\"color: #008000\"><em>Tengo por Manolo Carmona un cari\u00f1o de muchos a\u00f1os y una amistad que le iguala en solera, aparte una admiraci\u00f3n grande por las muchas cosas que hace, lo que le cunde el tiempo, luchando siempre con su mala salud de hierro y ser superior a sus fuerzas el quedarse quieto, o sin hablar, mucho m\u00e1s all\u00e1 de un minuto.<\/em><\/span><\/p>\n<p><span style=\"color: #008000\"><em>\u00c9l ha escrito \u201cLa historia jam\u00e1s contada del Real Betis Balompi\u00e9\u201d que, editada por Castillejo, me mandaba Manolo el otro d\u00eda para conseguir sorprenderme una vez m\u00e1s, y ya van que ni se sabe, con un libro donde, con s\u00f3lo echarle un vistazo, y conociendo lo puntilloso que siempre fue y sigue siendo su autor, ya se sabe que cada l\u00ednea estar\u00e1 m\u00e1s que documentada, contrastada y hasta memorizada, de unos a\u00f1os verdiblancos, los que van desde 1907 a 1935, que no son f\u00e1ciles de rastrear salvo para este perdiguero pura raza que cuando coge una presa no la suelta jam\u00e1s.<\/em><\/span><\/p>\n<p><span style=\"color: #008000\"><em>Lo prologa Jos\u00e9 Mar\u00eda de la Concha, garant\u00eda a\u00f1eja de beticismo, y en sus p\u00e1ginas se cuentan cosas como el intento de unir el Sevilla FC con el Sevilla Balompi\u00e9, meses antes de que \u00e9ste se fusionara con el Real Betis Football para fundar el Real Betis Balompi\u00e9, o la fecha exacta de la fundaci\u00f3n del club verdiblanco, o su traslado al campo del Real Patronato. en la Huerta del Fraile, o los resultados, plantillas y clasificaciones del equipo, la leyenda de Pap\u00e1 Jones o la aventura en la presidencia verdiblanca de Ignacio S\u00e1nchez Mej\u00edas, o una original teor\u00eda sobre el manquepierda, aunque deje sin explicar lo que, seg\u00fan \u00e9l mismo, es inexplicable: el Betis.<\/em><\/span><\/p>\n","protected":false},"excerpt":{"rendered":"<p>En el a\u00f1o 2001 Manuel Carmona public\u00f3 la primera parte de \u00abLa historia jam\u00e1s contada del Real Betis Balompi\u00e9\u00bb, que narraba los primeros a\u00f1os de la historia verdiblanca desde sus inicios hasta 1935. Manuel Carmona representa un antes y un despu\u00e9s en la investigaci\u00f3n sobre la historia de nuestro club. Fue el primero que, de&#8230;<\/p>\n","protected":false},"author":5,"featured_media":75793,"comment_status":"open","ping_status":"open","sticky":false,"template":"","format":"standard","meta":{"_kad_post_transparent":"","_kad_post_title":"","_kad_post_layout":"","_kad_post_sidebar_id":"","_kad_post_content_style":"","_kad_post_vertical_padding":"","_kad_post_feature":"","_kad_post_feature_position":"","_kad_post_header":false,"_kad_post_footer":false,"_kad_post_classname":"","_jetpack_memberships_contains_paid_content":false,"footnotes":"","jetpack_publicize_message":"","jetpack_publicize_feature_enabled":true,"jetpack_social_post_already_shared":true,"jetpack_social_options":{"image_generator_settings":{"template":"highway","default_image_id":0,"font":"","enabled":false},"version":2}},"categories":[1,1176],"tags":[9995,12767],"class_list":["post-75792","post","type-post","status-publish","format-standard","has-post-thumbnail","hentry","category-portada","category-relatos-de-futbol","tag-manuel-carmona","tag-manuel-fernandez-de-cordoba"],"jetpack_publicize_connections":[],"jetpack_featured_media_url":"https:\/\/i0.wp.com\/www.manquepierda.com\/historiarealbetis\/files\/2020\/07\/La-historia-jam%C3%A1s-contada--scaled.jpg?fit=1817%2C2560&ssl=1","jetpack_sharing_enabled":true,"jetpack_shortlink":"https:\/\/wp.me\/p1ij08-jIs","jetpack-related-posts":[],"_links":{"self":[{"href":"https:\/\/www.manquepierda.com\/historiarealbetis\/wp-json\/wp\/v2\/posts\/75792","targetHints":{"allow":["GET"]}}],"collection":[{"href":"https:\/\/www.manquepierda.com\/historiarealbetis\/wp-json\/wp\/v2\/posts"}],"about":[{"href":"https:\/\/www.manquepierda.com\/historiarealbetis\/wp-json\/wp\/v2\/types\/post"}],"author":[{"embeddable":true,"href":"https:\/\/www.manquepierda.com\/historiarealbetis\/wp-json\/wp\/v2\/users\/5"}],"replies":[{"embeddable":true,"href":"https:\/\/www.manquepierda.com\/historiarealbetis\/wp-json\/wp\/v2\/comments?post=75792"}],"version-history":[{"count":0,"href":"https:\/\/www.manquepierda.com\/historiarealbetis\/wp-json\/wp\/v2\/posts\/75792\/revisions"}],"wp:featuredmedia":[{"embeddable":true,"href":"https:\/\/www.manquepierda.com\/historiarealbetis\/wp-json\/wp\/v2\/media\/75793"}],"wp:attachment":[{"href":"https:\/\/www.manquepierda.com\/historiarealbetis\/wp-json\/wp\/v2\/media?parent=75792"}],"wp:term":[{"taxonomy":"category","embeddable":true,"href":"https:\/\/www.manquepierda.com\/historiarealbetis\/wp-json\/wp\/v2\/categories?post=75792"},{"taxonomy":"post_tag","embeddable":true,"href":"https:\/\/www.manquepierda.com\/historiarealbetis\/wp-json\/wp\/v2\/tags?post=75792"}],"curies":[{"name":"wp","href":"https:\/\/api.w.org\/{rel}","templated":true}]}}