{"id":75799,"date":"2025-07-22T12:00:00","date_gmt":"2025-07-22T10:00:00","guid":{"rendered":"http:\/\/www.manquepierda.com\/historiarealbetis\/?p=75799"},"modified":"2025-06-13T20:12:49","modified_gmt":"2025-06-13T18:12:49","slug":"presentacion-del-equipo-1980","status":"publish","type":"post","link":"https:\/\/www.manquepierda.com\/historiarealbetis\/presentacion-del-equipo-1980\/","title":{"rendered":"Hoy hace 45 a\u00f1os. Presentaci\u00f3n de la plantilla"},"content":{"rendered":"<p><a href=\"https:\/\/i0.wp.com\/www.manquepierda.com\/historiarealbetis\/files\/2020\/07\/Entrenamientos-1980.jpg?ssl=1\"><img data-recalc-dims=\"1\" loading=\"lazy\" decoding=\"async\" class=\"aligncenter size-medium wp-image-75800\" src=\"https:\/\/i0.wp.com\/www.manquepierda.com\/historiarealbetis\/files\/2020\/07\/Entrenamientos-1980.jpg?resize=680%2C433&#038;ssl=1\" alt=\"\" width=\"680\" height=\"433\" srcset=\"https:\/\/i0.wp.com\/www.manquepierda.com\/historiarealbetis\/files\/2020\/07\/Entrenamientos-1980.jpg?resize=680%2C433&amp;ssl=1 680w, https:\/\/i0.wp.com\/www.manquepierda.com\/historiarealbetis\/files\/2020\/07\/Entrenamientos-1980.jpg?resize=220%2C140&amp;ssl=1 220w, https:\/\/i0.wp.com\/www.manquepierda.com\/historiarealbetis\/files\/2020\/07\/Entrenamientos-1980.jpg?w=744&amp;ssl=1 744w\" sizes=\"auto, (max-width: 680px) 100vw, 680px\" \/><\/a><\/p>\n<p><span style=\"color: #008000\">El 22 de julio de 1980 a las 20,30 horas se presenta en un Villamar\u00edn en obras la primera plantilla del Real Betis Balompi\u00e9.<\/span><\/p>\n<p><span style=\"color: #008000\">Tras un breve discurso del presidente Juan Manuel Mauduit, que pide \u201ctrabajo, disciplina y compa\u00f1erismo\u201d, y otro del entrenador Luis Carriega se cita a los jugadores al d\u00eda siguiente para el primer entrenamiento en la Universidad Laboral a las 9 de la ma\u00f1ana. Al d\u00eda siguiente el equipo marchar\u00eda a realizar una concentraci\u00f3n de pretemporada a la localidad catalana de Vilob\u00ed.<\/span><\/p>\n<p><span style=\"color: #008000\">Con s\u00f3lo las novedades de los fichados Ram\u00f3n (C\u00e1diz) y Segundo (Racing de Ferrol) y el delantero yugoslavo Perovic (Rapid de Viena) a prueba, la lista de futbolistas la componen los siguientes jugadores: Esnaola, Campos y Pedro como porteros; Bizcocho, Gerardo, Biosca, Peruena, Gordillo, Francis, Alex, Richard y Pelayo como defensas; L\u00f3pez, Ortega, Ram\u00f3n, Pozo y Carde\u00f1osa como centrocampistas; y Mor\u00e1n, Hugo Cabezas, Ben\u00edtez, Segundo y Perovic como delanteros. Estuvo ausente Tello por estar realizando el servicio miltar.&nbsp;&nbsp;<\/span><\/p>\n","protected":false},"excerpt":{"rendered":"<p>El 22 de julio de 1980 a las 20,30 horas se presenta en un Villamar\u00edn en obras la primera plantilla del Real Betis Balompi\u00e9. Tras un breve discurso del presidente Juan Manuel Mauduit, que pide \u201ctrabajo, disciplina y compa\u00f1erismo\u201d, y otro del entrenador Luis Carriega se cita a los jugadores al d\u00eda siguiente para el&#8230;<\/p>\n","protected":false},"author":5,"featured_media":75800,"comment_status":"open","ping_status":"open","sticky":false,"template":"","format":"standard","meta":{"_kad_post_transparent":"","_kad_post_title":"","_kad_post_layout":"","_kad_post_sidebar_id":"","_kad_post_content_style":"","_kad_post_vertical_padding":"","_kad_post_feature":"","_kad_post_feature_position":"","_kad_post_header":false,"_kad_post_footer":false,"_kad_post_classname":"","_jetpack_memberships_contains_paid_content":false,"footnotes":"","jetpack_publicize_message":"","jetpack_publicize_feature_enabled":true,"jetpack_social_post_already_shared":true,"jetpack_social_options":{"image_generator_settings":{"template":"highway","default_image_id":0,"font":"","enabled":false},"version":2}},"categories":[904,14583,1],"tags":[1093,9557],"class_list":["post-75799","post","type-post","status-publish","format-standard","has-post-thumbnail","hentry","category-1980-1989","category-efemerides","category-portada","tag-1093","tag-estadio-benito-villamarin-presentacion"],"jetpack_publicize_connections":[],"jetpack_featured_media_url":"https:\/\/i0.wp.com\/www.manquepierda.com\/historiarealbetis\/files\/2020\/07\/Entrenamientos-1980.jpg?fit=744%2C474&ssl=1","jetpack_sharing_enabled":true,"jetpack_shortlink":"https:\/\/wp.me\/p1ij08-jIz","jetpack-related-posts":[],"_links":{"self":[{"href":"https:\/\/www.manquepierda.com\/historiarealbetis\/wp-json\/wp\/v2\/posts\/75799","targetHints":{"allow":["GET"]}}],"collection":[{"href":"https:\/\/www.manquepierda.com\/historiarealbetis\/wp-json\/wp\/v2\/posts"}],"about":[{"href":"https:\/\/www.manquepierda.com\/historiarealbetis\/wp-json\/wp\/v2\/types\/post"}],"author":[{"embeddable":true,"href":"https:\/\/www.manquepierda.com\/historiarealbetis\/wp-json\/wp\/v2\/users\/5"}],"replies":[{"embeddable":true,"href":"https:\/\/www.manquepierda.com\/historiarealbetis\/wp-json\/wp\/v2\/comments?post=75799"}],"version-history":[{"count":3,"href":"https:\/\/www.manquepierda.com\/historiarealbetis\/wp-json\/wp\/v2\/posts\/75799\/revisions"}],"predecessor-version":[{"id":103408,"href":"https:\/\/www.manquepierda.com\/historiarealbetis\/wp-json\/wp\/v2\/posts\/75799\/revisions\/103408"}],"wp:featuredmedia":[{"embeddable":true,"href":"https:\/\/www.manquepierda.com\/historiarealbetis\/wp-json\/wp\/v2\/media\/75800"}],"wp:attachment":[{"href":"https:\/\/www.manquepierda.com\/historiarealbetis\/wp-json\/wp\/v2\/media?parent=75799"}],"wp:term":[{"taxonomy":"category","embeddable":true,"href":"https:\/\/www.manquepierda.com\/historiarealbetis\/wp-json\/wp\/v2\/categories?post=75799"},{"taxonomy":"post_tag","embeddable":true,"href":"https:\/\/www.manquepierda.com\/historiarealbetis\/wp-json\/wp\/v2\/tags?post=75799"}],"curies":[{"name":"wp","href":"https:\/\/api.w.org\/{rel}","templated":true}]}}