{"id":75810,"date":"2025-07-26T12:00:00","date_gmt":"2025-07-26T10:00:00","guid":{"rendered":"http:\/\/www.manquepierda.com\/historiarealbetis\/?p=75810"},"modified":"2025-06-13T20:15:45","modified_gmt":"2025-06-13T18:15:45","slug":"hoy-hace-60-anos-comienzan-los-entrenamientos-de-la-temporada-1960-61","status":"publish","type":"post","link":"https:\/\/www.manquepierda.com\/historiarealbetis\/hoy-hace-60-anos-comienzan-los-entrenamientos-de-la-temporada-1960-61\/","title":{"rendered":"Hoy hace 65 a\u00f1os. Comienzan los entrenamientos de la temporada 1960-61."},"content":{"rendered":"<p><span style=\"color: #008000\"><a href=\"https:\/\/i0.wp.com\/www.manquepierda.com\/historiarealbetis\/files\/2020\/07\/26-1960-Comienzan-los-entrenamientos.jpg?ssl=1\"><img data-recalc-dims=\"1\" loading=\"lazy\" decoding=\"async\" class=\"aligncenter size-medium wp-image-75811\" src=\"https:\/\/i0.wp.com\/www.manquepierda.com\/historiarealbetis\/files\/2020\/07\/26-1960-Comienzan-los-entrenamientos-680x427.jpg?resize=680%2C427&#038;ssl=1\" alt=\"\" width=\"680\" height=\"427\" srcset=\"https:\/\/i0.wp.com\/www.manquepierda.com\/historiarealbetis\/files\/2020\/07\/26-1960-Comienzan-los-entrenamientos.jpg?resize=680%2C427&amp;ssl=1 680w, https:\/\/i0.wp.com\/www.manquepierda.com\/historiarealbetis\/files\/2020\/07\/26-1960-Comienzan-los-entrenamientos.jpg?resize=960%2C603&amp;ssl=1 960w, https:\/\/i0.wp.com\/www.manquepierda.com\/historiarealbetis\/files\/2020\/07\/26-1960-Comienzan-los-entrenamientos.jpg?resize=220%2C138&amp;ssl=1 220w, https:\/\/i0.wp.com\/www.manquepierda.com\/historiarealbetis\/files\/2020\/07\/26-1960-Comienzan-los-entrenamientos.jpg?resize=768%2C483&amp;ssl=1 768w, https:\/\/i0.wp.com\/www.manquepierda.com\/historiarealbetis\/files\/2020\/07\/26-1960-Comienzan-los-entrenamientos.jpg?w=1071&amp;ssl=1 1071w\" sizes=\"auto, (max-width: 680px) 100vw, 680px\" \/><\/a><\/span><\/p>\n<p><span style=\"color: #008000\">El 26 de julio de 1960 en Heli\u00f3polis se iniciaban los entrenamientos del Real Betis Balompi\u00e9.<\/span><\/p>\n<p><span style=\"color: #008000\">Con la ausencia de algunos futbolistas que se incorporar\u00edan en los d\u00edas siguientes (Pep\u00edn, Santos, Isidro, Lasa, Rojas y Pallar\u00e9s), y con la presencia de algunos futbolistas del conjunto amateur y del juvenil, hasta totalizar 38 jugadores: Otero, Dom\u00ednguez, Portu, Azcueta, Grau, R\u00edos, Bosch, Valderas, Casta\u00f1o, Kuszmann, Areta, Azpeitia, Bernit, Sitges, Gargallo, Llor\u00e9ns, Mart\u00edn Esperanza, Eugenio, Pappalardo, Infante, Poceiro, Bland\u00f3n, Cardo, Juli\u00e1, D\u00e1maso, Ordaz, F\u00e9lix, Rom\u00e1n, L\u00f3pez Aranda, Camacho I, Camacho II, Luisito Mu\u00f1oz, Verdugo, Mesonero, La Hoz, Olmedo, Mesa y Mendoza.<\/span><\/p>\n<p><span style=\"color: #008000\">Fue el presidente Benito Villamar\u00edn el encargado de presentar los jugadores al nuevo entrenador Fernando Daucik. A continuaci\u00f3n sendos parlamentos tanto del presidente como del entrenador dirigidos a la plantilla de jugadores, para inmediatamente realizar el primer entrenamiento de la pretemporada.<\/span><\/p>\n","protected":false},"excerpt":{"rendered":"<p>El 26 de julio de 1960 en Heli\u00f3polis se iniciaban los entrenamientos del Real Betis Balompi\u00e9. Con la ausencia de algunos futbolistas que se incorporar\u00edan en los d\u00edas siguientes (Pep\u00edn, Santos, Isidro, Lasa, Rojas y Pallar\u00e9s), y con la presencia de algunos futbolistas del conjunto amateur y del juvenil, hasta totalizar 38 jugadores: Otero, Dom\u00ednguez,&#8230;<\/p>\n","protected":false},"author":5,"featured_media":75811,"comment_status":"open","ping_status":"open","sticky":false,"template":"","format":"standard","meta":{"_kad_post_transparent":"","_kad_post_title":"","_kad_post_layout":"","_kad_post_sidebar_id":"","_kad_post_content_style":"","_kad_post_vertical_padding":"","_kad_post_feature":"","_kad_post_feature_position":"","_kad_post_header":false,"_kad_post_footer":false,"_kad_post_classname":"","_jetpack_memberships_contains_paid_content":false,"footnotes":"","jetpack_publicize_message":"","jetpack_publicize_feature_enabled":true,"jetpack_social_post_already_shared":true,"jetpack_social_options":{"image_generator_settings":{"template":"highway","default_image_id":0,"font":"","enabled":false},"version":2}},"categories":[902,14583,1],"tags":[1246,340],"class_list":["post-75810","post","type-post","status-publish","format-standard","has-post-thumbnail","hentry","category-1960-1969","category-efemerides","category-portada","tag-1246","tag-entrenamientos"],"jetpack_publicize_connections":[],"jetpack_featured_media_url":"https:\/\/i0.wp.com\/www.manquepierda.com\/historiarealbetis\/files\/2020\/07\/26-1960-Comienzan-los-entrenamientos.jpg?fit=1071%2C673&ssl=1","jetpack_sharing_enabled":true,"jetpack_shortlink":"https:\/\/wp.me\/p1ij08-jIK","jetpack-related-posts":[],"_links":{"self":[{"href":"https:\/\/www.manquepierda.com\/historiarealbetis\/wp-json\/wp\/v2\/posts\/75810","targetHints":{"allow":["GET"]}}],"collection":[{"href":"https:\/\/www.manquepierda.com\/historiarealbetis\/wp-json\/wp\/v2\/posts"}],"about":[{"href":"https:\/\/www.manquepierda.com\/historiarealbetis\/wp-json\/wp\/v2\/types\/post"}],"author":[{"embeddable":true,"href":"https:\/\/www.manquepierda.com\/historiarealbetis\/wp-json\/wp\/v2\/users\/5"}],"replies":[{"embeddable":true,"href":"https:\/\/www.manquepierda.com\/historiarealbetis\/wp-json\/wp\/v2\/comments?post=75810"}],"version-history":[{"count":2,"href":"https:\/\/www.manquepierda.com\/historiarealbetis\/wp-json\/wp\/v2\/posts\/75810\/revisions"}],"predecessor-version":[{"id":103410,"href":"https:\/\/www.manquepierda.com\/historiarealbetis\/wp-json\/wp\/v2\/posts\/75810\/revisions\/103410"}],"wp:featuredmedia":[{"embeddable":true,"href":"https:\/\/www.manquepierda.com\/historiarealbetis\/wp-json\/wp\/v2\/media\/75811"}],"wp:attachment":[{"href":"https:\/\/www.manquepierda.com\/historiarealbetis\/wp-json\/wp\/v2\/media?parent=75810"}],"wp:term":[{"taxonomy":"category","embeddable":true,"href":"https:\/\/www.manquepierda.com\/historiarealbetis\/wp-json\/wp\/v2\/categories?post=75810"},{"taxonomy":"post_tag","embeddable":true,"href":"https:\/\/www.manquepierda.com\/historiarealbetis\/wp-json\/wp\/v2\/tags?post=75810"}],"curies":[{"name":"wp","href":"https:\/\/api.w.org\/{rel}","templated":true}]}}