{"id":75869,"date":"2025-08-02T12:00:00","date_gmt":"2025-08-02T10:00:00","guid":{"rendered":"http:\/\/www.manquepierda.com\/historiarealbetis\/?p=75869"},"modified":"2025-07-06T11:17:54","modified_gmt":"2025-07-06T09:17:54","slug":"hoy-hace-95-anos-nace-fausto-vals","status":"publish","type":"post","link":"https:\/\/www.manquepierda.com\/historiarealbetis\/hoy-hace-95-anos-nace-fausto-vals\/","title":{"rendered":"Hoy hace 100 a\u00f1os. Nace Fausto Vals."},"content":{"rendered":"<p><a href=\"https:\/\/i0.wp.com\/www.manquepierda.com\/historiarealbetis\/files\/2020\/07\/2-1925-Nace-Fausto.jpg?ssl=1\"><img data-recalc-dims=\"1\" loading=\"lazy\" decoding=\"async\" class=\"aligncenter size-full wp-image-75870\" src=\"https:\/\/i0.wp.com\/www.manquepierda.com\/historiarealbetis\/files\/2020\/07\/2-1925-Nace-Fausto.jpg?resize=177%2C359&#038;ssl=1\" alt=\"\" width=\"177\" height=\"359\" srcset=\"https:\/\/i0.wp.com\/www.manquepierda.com\/historiarealbetis\/files\/2020\/07\/2-1925-Nace-Fausto.jpg?w=177&amp;ssl=1 177w, https:\/\/i0.wp.com\/www.manquepierda.com\/historiarealbetis\/files\/2020\/07\/2-1925-Nace-Fausto.jpg?resize=108%2C220&amp;ssl=1 108w\" sizes=\"auto, (max-width: 177px) 100vw, 177px\" \/><\/a><\/p>\n<p><span style=\"color: #008000\">El 2 de agosto de 1925 nace en Alcal\u00e1 de Guadaira (Sevilla) Fausto Vals Valencia, quien fuera jugador del Real Betis Balompi\u00e9 entre los a\u00f1os 1948 y 1950 y entre 1951 y 1954.<\/span><\/p>\n<p><span style=\"color: #008000\">Defensa procedente del Alcal\u00e1 que lleg\u00f3 al club en los a\u00f1os de la Tercera Divisi\u00f3n, y que tras un a\u00f1o en el Mogreb de T\u00e1nger volvi\u00f3 a la disciplina verdiblanca. Tras su marcha en 1954 jug\u00f3 en el Utrera y en la Ol\u00edmpica Valverde\u00f1a.<\/span><\/p>\n<p><span style=\"color: #008000\">Para saber m\u00e1s de su trayectoria b\u00e9tica ver <a href=\"https:\/\/www.manquepierda.com\/historiarealbetis\/fausto-vals\/\"><strong>aqu\u00ed.\u00a0<\/strong><\/a><\/span><\/p>\n","protected":false},"excerpt":{"rendered":"<p>El 2 de agosto de 1925 nace en Alcal\u00e1 de Guadaira (Sevilla) Fausto Vals Valencia, quien fuera jugador del Real Betis Balompi\u00e9 entre los a\u00f1os 1948 y 1950 y entre 1951 y 1954. Defensa procedente del Alcal\u00e1 que lleg\u00f3 al club en los a\u00f1os de la Tercera Divisi\u00f3n, y que tras un a\u00f1o en el&#8230;<\/p>\n","protected":false},"author":5,"featured_media":75870,"comment_status":"open","ping_status":"open","sticky":false,"template":"","format":"standard","meta":{"_kad_post_transparent":"","_kad_post_title":"","_kad_post_layout":"","_kad_post_sidebar_id":"","_kad_post_content_style":"","_kad_post_vertical_padding":"","_kad_post_feature":"","_kad_post_feature_position":"","_kad_post_header":false,"_kad_post_footer":false,"_kad_post_classname":"","_jetpack_memberships_contains_paid_content":false,"footnotes":"","jetpack_publicize_message":"","jetpack_publicize_feature_enabled":true,"jetpack_social_post_already_shared":true,"jetpack_social_options":{"image_generator_settings":{"template":"highway","default_image_id":0,"font":"","enabled":false},"version":2}},"categories":[898,14583,1],"tags":[4656],"class_list":["post-75869","post","type-post","status-publish","format-standard","has-post-thumbnail","hentry","category-1920-1929","category-efemerides","category-portada","tag-fausto-vals"],"jetpack_publicize_connections":[],"jetpack_featured_media_url":"https:\/\/i0.wp.com\/www.manquepierda.com\/historiarealbetis\/files\/2020\/07\/2-1925-Nace-Fausto.jpg?fit=177%2C359&ssl=1","jetpack_sharing_enabled":true,"jetpack_shortlink":"https:\/\/wp.me\/p1ij08-jJH","jetpack-related-posts":[],"_links":{"self":[{"href":"https:\/\/www.manquepierda.com\/historiarealbetis\/wp-json\/wp\/v2\/posts\/75869","targetHints":{"allow":["GET"]}}],"collection":[{"href":"https:\/\/www.manquepierda.com\/historiarealbetis\/wp-json\/wp\/v2\/posts"}],"about":[{"href":"https:\/\/www.manquepierda.com\/historiarealbetis\/wp-json\/wp\/v2\/types\/post"}],"author":[{"embeddable":true,"href":"https:\/\/www.manquepierda.com\/historiarealbetis\/wp-json\/wp\/v2\/users\/5"}],"replies":[{"embeddable":true,"href":"https:\/\/www.manquepierda.com\/historiarealbetis\/wp-json\/wp\/v2\/comments?post=75869"}],"version-history":[{"count":3,"href":"https:\/\/www.manquepierda.com\/historiarealbetis\/wp-json\/wp\/v2\/posts\/75869\/revisions"}],"predecessor-version":[{"id":103687,"href":"https:\/\/www.manquepierda.com\/historiarealbetis\/wp-json\/wp\/v2\/posts\/75869\/revisions\/103687"}],"wp:featuredmedia":[{"embeddable":true,"href":"https:\/\/www.manquepierda.com\/historiarealbetis\/wp-json\/wp\/v2\/media\/75870"}],"wp:attachment":[{"href":"https:\/\/www.manquepierda.com\/historiarealbetis\/wp-json\/wp\/v2\/media?parent=75869"}],"wp:term":[{"taxonomy":"category","embeddable":true,"href":"https:\/\/www.manquepierda.com\/historiarealbetis\/wp-json\/wp\/v2\/categories?post=75869"},{"taxonomy":"post_tag","embeddable":true,"href":"https:\/\/www.manquepierda.com\/historiarealbetis\/wp-json\/wp\/v2\/tags?post=75869"}],"curies":[{"name":"wp","href":"https:\/\/api.w.org\/{rel}","templated":true}]}}