{"id":75902,"date":"2025-08-10T12:00:00","date_gmt":"2025-08-10T10:00:00","guid":{"rendered":"http:\/\/www.manquepierda.com\/historiarealbetis\/?p=75902"},"modified":"2025-07-06T11:30:35","modified_gmt":"2025-07-06T09:30:35","slug":"hoy-hace-85-anos-asamblea-de-socios-del-betis","status":"publish","type":"post","link":"https:\/\/www.manquepierda.com\/historiarealbetis\/hoy-hace-85-anos-asamblea-de-socios-del-betis\/","title":{"rendered":"Hoy hace 90 a\u00f1os. Asamblea de socios del Betis."},"content":{"rendered":"<p><a href=\"https:\/\/i0.wp.com\/www.manquepierda.com\/historiarealbetis\/files\/2020\/07\/10-1935-Asamblea-de-socios.jpg?ssl=1\"><img data-recalc-dims=\"1\" loading=\"lazy\" decoding=\"async\" class=\"aligncenter size-full wp-image-75903\" src=\"https:\/\/i0.wp.com\/www.manquepierda.com\/historiarealbetis\/files\/2020\/07\/10-1935-Asamblea-de-socios.jpg?resize=342%2C287&#038;ssl=1\" alt=\"\" width=\"342\" height=\"287\" srcset=\"https:\/\/i0.wp.com\/www.manquepierda.com\/historiarealbetis\/files\/2020\/07\/10-1935-Asamblea-de-socios.jpg?w=342&amp;ssl=1 342w, https:\/\/i0.wp.com\/www.manquepierda.com\/historiarealbetis\/files\/2020\/07\/10-1935-Asamblea-de-socios.jpg?resize=220%2C185&amp;ssl=1 220w\" sizes=\"auto, (max-width: 342px) 100vw, 342px\" \/><\/a><\/p>\n<p><span style=\"color: #008000\">El 10 de agosto de 1935 en el sal\u00f3n de actos de la Sociedad Econ\u00f3mica de Amigos del Pa\u00eds tiene lugar la asamblea anual ordinaria de socios del Betis Balompi\u00e9.<\/span><\/p>\n<p><span style=\"color: #008000\">Esta reuni\u00f3n era continuaci\u00f3n de la celebrada en el mismo lugar el 26 de julio y en la que no se lleg\u00f3 a nombrar una directiva de forma consensuada para sustituir a la hasta entonces presidida por Antonio Moreno Sevillano, por lo que se determin\u00f3 el nombramiento de una comisi\u00f3n para elaborar una candidatura viable para ser elegida en la continuaci\u00f3n de la asamblea.<\/span><\/p>\n<p><span style=\"color: #008000\">La asamblea del 10 de agosto fue presidida por Antonio Moreno en su calidad de presidente saliente del club, actuando como secretario Carlos Fern\u00e1ndez de Pando.<\/span><\/p>\n<p><span style=\"color: #008000\">La candidatura presentada, y elegida por aclamaci\u00f3n mayoritaria, estaba presidida por Francisco Navarro L\u00f3pez, y contaba con los siguientes miembros: Manuel Alonso Cueli como vicepresidente primero, Valent\u00edn P\u00e9rez Mart\u00ednez como vicepresidente segundo, Antonio Gonz\u00e1lez Nicol\u00e1s como secretario, Pedro Barroso de Pando como vicesecretario, Francisco Lazo Orta como tesorero y Jos\u00e9 Wesolowski Zaldo como contador.<\/span><\/p>\n<p><span style=\"color: #008000\">Otras decisiones tomadas en esta asamblea fueron:<\/span><\/p>\n<ul>\n<li><span style=\"color: #008000\">Se\u00f1alar como partido homenaje a Adolfo Sancho \u201cAdolfito\u201d el primer encuentro del campeonato regional que se jugase en el Patronato el 1 de septiembre contra el Recreativo de Granada<\/span><\/li>\n<li><span style=\"color: #008000\">Elevar la cuota mensual de los socios supernumerarios a 6 pesetas, con derecho a pasar a ser socios numerarios y con asiento en la tribuna del Front\u00f3n del campo del Patronato<\/span><\/li>\n<li><span style=\"color: #008000\">Permitir a la directiva escoger 3 partidos a beneficio del club en la siguiente temporada<\/span><\/li>\n<li><span style=\"color: #008000\">Admitir nuevas inscripciones de socios numerarios sin cuota de entrada durante todo el mes de agosto<\/span><\/li>\n<li><span style=\"color: #008000\">Nombrar socio de honor del club al dibujante Andr\u00e9s Mart\u00ednez de Le\u00f3n, creador de Oselito<\/span><\/li>\n<\/ul>\n<p><span style=\"color: #008000\">Al terminar la asamblea Moreno Sevillano dio vivas al club campe\u00f3n, contestados de forma entusiasta por los asistentes. &nbsp;&nbsp;&nbsp;<\/span><\/p>\n","protected":false},"excerpt":{"rendered":"<p>El 10 de agosto de 1935 en el sal\u00f3n de actos de la Sociedad Econ\u00f3mica de Amigos del Pa\u00eds tiene lugar la asamblea anual ordinaria de socios del Betis Balompi\u00e9. Esta reuni\u00f3n era continuaci\u00f3n de la celebrada en el mismo lugar el 26 de julio y en la que no se lleg\u00f3 a nombrar una&#8230;<\/p>\n","protected":false},"author":5,"featured_media":75903,"comment_status":"open","ping_status":"open","sticky":false,"template":"","format":"standard","meta":{"_kad_post_transparent":"","_kad_post_title":"","_kad_post_layout":"","_kad_post_sidebar_id":"","_kad_post_content_style":"","_kad_post_vertical_padding":"","_kad_post_feature":"","_kad_post_feature_position":"","_kad_post_header":false,"_kad_post_footer":false,"_kad_post_classname":"","_jetpack_memberships_contains_paid_content":false,"footnotes":"","jetpack_publicize_message":"","jetpack_publicize_feature_enabled":true,"jetpack_social_post_already_shared":true,"jetpack_social_options":{"image_generator_settings":{"template":"highway","default_image_id":0,"font":"","enabled":false},"version":2}},"categories":[899,14583,1],"tags":[45,16436],"class_list":["post-75902","post","type-post","status-publish","format-standard","has-post-thumbnail","hentry","category-1930-1939","category-efemerides","category-portada","tag-45","tag-asamblea-de-socios"],"jetpack_publicize_connections":[],"jetpack_featured_media_url":"https:\/\/i0.wp.com\/www.manquepierda.com\/historiarealbetis\/files\/2020\/07\/10-1935-Asamblea-de-socios.jpg?fit=342%2C287&ssl=1","jetpack_sharing_enabled":true,"jetpack_shortlink":"https:\/\/wp.me\/p1ij08-jKe","jetpack-related-posts":[],"_links":{"self":[{"href":"https:\/\/www.manquepierda.com\/historiarealbetis\/wp-json\/wp\/v2\/posts\/75902","targetHints":{"allow":["GET"]}}],"collection":[{"href":"https:\/\/www.manquepierda.com\/historiarealbetis\/wp-json\/wp\/v2\/posts"}],"about":[{"href":"https:\/\/www.manquepierda.com\/historiarealbetis\/wp-json\/wp\/v2\/types\/post"}],"author":[{"embeddable":true,"href":"https:\/\/www.manquepierda.com\/historiarealbetis\/wp-json\/wp\/v2\/users\/5"}],"replies":[{"embeddable":true,"href":"https:\/\/www.manquepierda.com\/historiarealbetis\/wp-json\/wp\/v2\/comments?post=75902"}],"version-history":[{"count":2,"href":"https:\/\/www.manquepierda.com\/historiarealbetis\/wp-json\/wp\/v2\/posts\/75902\/revisions"}],"predecessor-version":[{"id":103699,"href":"https:\/\/www.manquepierda.com\/historiarealbetis\/wp-json\/wp\/v2\/posts\/75902\/revisions\/103699"}],"wp:featuredmedia":[{"embeddable":true,"href":"https:\/\/www.manquepierda.com\/historiarealbetis\/wp-json\/wp\/v2\/media\/75903"}],"wp:attachment":[{"href":"https:\/\/www.manquepierda.com\/historiarealbetis\/wp-json\/wp\/v2\/media?parent=75902"}],"wp:term":[{"taxonomy":"category","embeddable":true,"href":"https:\/\/www.manquepierda.com\/historiarealbetis\/wp-json\/wp\/v2\/categories?post=75902"},{"taxonomy":"post_tag","embeddable":true,"href":"https:\/\/www.manquepierda.com\/historiarealbetis\/wp-json\/wp\/v2\/tags?post=75902"}],"curies":[{"name":"wp","href":"https:\/\/api.w.org\/{rel}","templated":true}]}}