{"id":75907,"date":"2025-08-11T12:00:00","date_gmt":"2025-08-11T10:00:00","guid":{"rendered":"http:\/\/www.manquepierda.com\/historiarealbetis\/?p=75907"},"modified":"2025-07-20T14:43:00","modified_gmt":"2025-07-20T12:43:00","slug":"hoy-hace-35-anos-fichaje-de-faruk-hadzibegic","status":"publish","type":"post","link":"https:\/\/www.manquepierda.com\/historiarealbetis\/hoy-hace-35-anos-fichaje-de-faruk-hadzibegic\/","title":{"rendered":"Hoy hace 40 a\u00f1os. Fichaje de Faruk Hadzibegic."},"content":{"rendered":"<p><a href=\"https:\/\/i0.wp.com\/www.manquepierda.com\/historiarealbetis\/files\/2020\/07\/11-1985-Fichaje-de-Hadzibegic.jpg?ssl=1\"><img data-recalc-dims=\"1\" loading=\"lazy\" decoding=\"async\" class=\"aligncenter size-medium wp-image-75908\" src=\"https:\/\/i0.wp.com\/www.manquepierda.com\/historiarealbetis\/files\/2020\/07\/11-1985-Fichaje-de-Hadzibegic.jpg?resize=413%2C600&#038;ssl=1\" alt=\"\" width=\"413\" height=\"600\" srcset=\"https:\/\/i0.wp.com\/www.manquepierda.com\/historiarealbetis\/files\/2020\/07\/11-1985-Fichaje-de-Hadzibegic.jpg?resize=413%2C600&amp;ssl=1 413w, https:\/\/i0.wp.com\/www.manquepierda.com\/historiarealbetis\/files\/2020\/07\/11-1985-Fichaje-de-Hadzibegic.jpg?resize=482%2C700&amp;ssl=1 482w, https:\/\/i0.wp.com\/www.manquepierda.com\/historiarealbetis\/files\/2020\/07\/11-1985-Fichaje-de-Hadzibegic.jpg?resize=152%2C220&amp;ssl=1 152w, https:\/\/i0.wp.com\/www.manquepierda.com\/historiarealbetis\/files\/2020\/07\/11-1985-Fichaje-de-Hadzibegic.jpg?resize=768%2C1115&amp;ssl=1 768w, https:\/\/i0.wp.com\/www.manquepierda.com\/historiarealbetis\/files\/2020\/07\/11-1985-Fichaje-de-Hadzibegic.jpg?w=882&amp;ssl=1 882w\" sizes=\"auto, (max-width: 413px) 100vw, 413px\" \/><\/a><\/p>\n<p><span style=\"color: #008000\">El 11 de agosto de 1985 se concreta el fichaje de del defensa yugoslavo de 27 a\u00f1os Faruk Hadzibegic, quien llega procedente del Sarajevo, tras unas arduas negociaciones con la Federaci\u00f3n Yugoslava, reacia a dejarlo salir del pa\u00eds, y en las que tuvieron especial protagonismo el vicepresidente econ\u00f3mico Francisco Garc\u00eda de la Borbolla y el intermediario Roberto Dale, que se desplazaron a Belgrado para convencer a los directivos federativos.<\/span><\/p>\n<p><span style=\"color: #008000\">El coste de la operaci\u00f3n fue de 20 millones de pesetas y el jugador firm\u00f3 un contrato por 2 a\u00f1os. Su debut tendr\u00eda lugar al d\u00eda siguiente en el Villamar\u00edn contra el Pe\u00f1arol.<\/span><\/p>\n<p><span style=\"color: #008000\">Para saber m\u00e1s de su trayectoria b\u00e9tica ver <a href=\"https:\/\/www.manquepierda.com\/historiarealbetis\/faruk-hadzibegic\/\"><strong>aqu\u00ed.\u00a0<\/strong><\/a><\/span><\/p>\n\n\n<p><\/p>\n","protected":false},"excerpt":{"rendered":"<p>El 11 de agosto de 1985 se concreta el fichaje de del defensa yugoslavo de 27 a\u00f1os Faruk Hadzibegic, quien llega procedente del Sarajevo, tras unas arduas negociaciones con la Federaci\u00f3n Yugoslava, reacia a dejarlo salir del pa\u00eds, y en las que tuvieron especial protagonismo el vicepresidente econ\u00f3mico Francisco Garc\u00eda de la Borbolla y el&#8230;<\/p>\n","protected":false},"author":5,"featured_media":75908,"comment_status":"open","ping_status":"open","sticky":false,"template":"","format":"standard","meta":{"_kad_post_transparent":"","_kad_post_title":"","_kad_post_layout":"","_kad_post_sidebar_id":"","_kad_post_content_style":"","_kad_post_vertical_padding":"","_kad_post_feature":"","_kad_post_feature_position":"","_kad_post_header":false,"_kad_post_footer":false,"_kad_post_classname":"","_jetpack_memberships_contains_paid_content":false,"footnotes":"","jetpack_publicize_message":"","jetpack_publicize_feature_enabled":true,"jetpack_social_post_already_shared":true,"jetpack_social_options":{"image_generator_settings":{"template":"highway","default_image_id":0,"font":"","enabled":false},"version":2}},"categories":[904,14583,1],"tags":[1539,3777,18674],"class_list":["post-75907","post","type-post","status-publish","format-standard","has-post-thumbnail","hentry","category-1980-1989","category-efemerides","category-portada","tag-1539","tag-faruk-hadzibegic","tag-sarajevo-fk"],"jetpack_publicize_connections":[],"jetpack_featured_media_url":"https:\/\/i0.wp.com\/www.manquepierda.com\/historiarealbetis\/files\/2020\/07\/11-1985-Fichaje-de-Hadzibegic.jpg?fit=882%2C1280&ssl=1","jetpack_sharing_enabled":true,"jetpack_shortlink":"https:\/\/wp.me\/p1ij08-jKj","jetpack-related-posts":[],"_links":{"self":[{"href":"https:\/\/www.manquepierda.com\/historiarealbetis\/wp-json\/wp\/v2\/posts\/75907","targetHints":{"allow":["GET"]}}],"collection":[{"href":"https:\/\/www.manquepierda.com\/historiarealbetis\/wp-json\/wp\/v2\/posts"}],"about":[{"href":"https:\/\/www.manquepierda.com\/historiarealbetis\/wp-json\/wp\/v2\/types\/post"}],"author":[{"embeddable":true,"href":"https:\/\/www.manquepierda.com\/historiarealbetis\/wp-json\/wp\/v2\/users\/5"}],"replies":[{"embeddable":true,"href":"https:\/\/www.manquepierda.com\/historiarealbetis\/wp-json\/wp\/v2\/comments?post=75907"}],"version-history":[{"count":4,"href":"https:\/\/www.manquepierda.com\/historiarealbetis\/wp-json\/wp\/v2\/posts\/75907\/revisions"}],"predecessor-version":[{"id":103703,"href":"https:\/\/www.manquepierda.com\/historiarealbetis\/wp-json\/wp\/v2\/posts\/75907\/revisions\/103703"}],"wp:featuredmedia":[{"embeddable":true,"href":"https:\/\/www.manquepierda.com\/historiarealbetis\/wp-json\/wp\/v2\/media\/75908"}],"wp:attachment":[{"href":"https:\/\/www.manquepierda.com\/historiarealbetis\/wp-json\/wp\/v2\/media?parent=75907"}],"wp:term":[{"taxonomy":"category","embeddable":true,"href":"https:\/\/www.manquepierda.com\/historiarealbetis\/wp-json\/wp\/v2\/categories?post=75907"},{"taxonomy":"post_tag","embeddable":true,"href":"https:\/\/www.manquepierda.com\/historiarealbetis\/wp-json\/wp\/v2\/tags?post=75907"}],"curies":[{"name":"wp","href":"https:\/\/api.w.org\/{rel}","templated":true}]}}