{"id":75952,"date":"2020-07-24T09:04:48","date_gmt":"2020-07-24T07:04:48","guid":{"rendered":"http:\/\/www.manquepierda.com\/historiarealbetis\/?p=75952"},"modified":"2020-07-18T20:17:35","modified_gmt":"2020-07-18T18:17:35","slug":"anuncio-ud-melilla-betis-amistoso-1943","status":"publish","type":"post","link":"https:\/\/www.manquepierda.com\/historiarealbetis\/anuncio-ud-melilla-betis-amistoso-1943\/","title":{"rendered":"Anuncio UD Melilla-Betis Amistoso 1943"},"content":{"rendered":"<p><a href=\"https:\/\/i0.wp.com\/www.manquepierda.com\/historiarealbetis\/files\/2020\/07\/Anuncio-UD-Melilla-Betis-Amistoso-1943.jpg?ssl=1\"><img data-recalc-dims=\"1\" loading=\"lazy\" decoding=\"async\" class=\"aligncenter size-medium wp-image-75953\" src=\"https:\/\/i0.wp.com\/www.manquepierda.com\/historiarealbetis\/files\/2020\/07\/Anuncio-UD-Melilla-Betis-Amistoso-1943.jpg?resize=611%2C600&#038;ssl=1\" alt=\"\" width=\"611\" height=\"600\" srcset=\"https:\/\/i0.wp.com\/www.manquepierda.com\/historiarealbetis\/files\/2020\/07\/Anuncio-UD-Melilla-Betis-Amistoso-1943.jpg?resize=611%2C600&amp;ssl=1 611w, https:\/\/i0.wp.com\/www.manquepierda.com\/historiarealbetis\/files\/2020\/07\/Anuncio-UD-Melilla-Betis-Amistoso-1943.jpg?resize=713%2C700&amp;ssl=1 713w, https:\/\/i0.wp.com\/www.manquepierda.com\/historiarealbetis\/files\/2020\/07\/Anuncio-UD-Melilla-Betis-Amistoso-1943.jpg?resize=220%2C216&amp;ssl=1 220w, https:\/\/i0.wp.com\/www.manquepierda.com\/historiarealbetis\/files\/2020\/07\/Anuncio-UD-Melilla-Betis-Amistoso-1943.jpg?resize=768%2C754&amp;ssl=1 768w, https:\/\/i0.wp.com\/www.manquepierda.com\/historiarealbetis\/files\/2020\/07\/Anuncio-UD-Melilla-Betis-Amistoso-1943.jpg?resize=1536%2C1509&amp;ssl=1 1536w, https:\/\/i0.wp.com\/www.manquepierda.com\/historiarealbetis\/files\/2020\/07\/Anuncio-UD-Melilla-Betis-Amistoso-1943.jpg?resize=2048%2C2012&amp;ssl=1 2048w\" sizes=\"auto, (max-width: 611px) 100vw, 611px\" \/><\/a><\/p>\n<p>Anuncio publicado en El Telegrama del Rif el 4 de septiembre de 1943 del partido amistoso jugado en la ciudad norteafricana al d\u00eda siguiente.<\/p>\n<p>El Betis se impuso 0-1 con un gol de Saro en el que fue el primer partido de la pretemporada verdiblanca, iniciada el d\u00eda 25 de agosto con los primeros entrenamientos en el campo de Heli\u00f3polis.<\/p>\n<p>El Betis acudi\u00f3 a la ciudad de Melilla para este partido celebrado con motivo de las fiestas de la ciudad. Como curiosidad del anuncio una cosa bastante com\u00fan en la \u00e9poca, como era el anunciar las presencia de los jugadores del equipo rival, lo que serv\u00eda habitualmente de reclamo publicitario.<\/p>\n<p>En los banquillos dos ex jugadores verdiblancos: Francisco G\u00f3mez en el del Melilla y Andr\u00e9s Aranda en el del Betis.<\/p>\n","protected":false},"excerpt":{"rendered":"<p>Anuncio publicado en El Telegrama del Rif el 4 de septiembre de 1943 del partido amistoso jugado en la ciudad norteafricana al d\u00eda siguiente. El Betis se impuso 0-1 con un gol de Saro en el que fue el primer partido de la pretemporada verdiblanca, iniciada el d\u00eda 25 de agosto con los primeros entrenamientos&#8230;<\/p>\n","protected":false},"author":5,"featured_media":75953,"comment_status":"open","ping_status":"open","sticky":false,"template":"","format":"standard","meta":{"_kad_post_transparent":"","_kad_post_title":"","_kad_post_layout":"","_kad_post_sidebar_id":"","_kad_post_content_style":"","_kad_post_vertical_padding":"","_kad_post_feature":"","_kad_post_feature_position":"","_kad_post_header":false,"_kad_post_footer":false,"_kad_post_classname":"","_jetpack_memberships_contains_paid_content":false,"footnotes":"","jetpack_publicize_message":"","jetpack_publicize_feature_enabled":true,"jetpack_social_post_already_shared":true,"jetpack_social_options":{"image_generator_settings":{"template":"highway","default_image_id":0,"font":"","enabled":false},"version":2}},"categories":[900,1],"tags":[51,2481,1498],"class_list":["post-75952","post","type-post","status-publish","format-standard","has-post-thumbnail","hentry","category-1940-1949","category-portada","tag-51","tag-1943-44","tag-ud-melilla"],"jetpack_publicize_connections":[],"jetpack_featured_media_url":"https:\/\/i0.wp.com\/www.manquepierda.com\/historiarealbetis\/files\/2020\/07\/Anuncio-UD-Melilla-Betis-Amistoso-1943.jpg?fit=2426%2C2383&ssl=1","jetpack_sharing_enabled":true,"jetpack_shortlink":"https:\/\/wp.me\/p1ij08-jL2","jetpack-related-posts":[],"_links":{"self":[{"href":"https:\/\/www.manquepierda.com\/historiarealbetis\/wp-json\/wp\/v2\/posts\/75952","targetHints":{"allow":["GET"]}}],"collection":[{"href":"https:\/\/www.manquepierda.com\/historiarealbetis\/wp-json\/wp\/v2\/posts"}],"about":[{"href":"https:\/\/www.manquepierda.com\/historiarealbetis\/wp-json\/wp\/v2\/types\/post"}],"author":[{"embeddable":true,"href":"https:\/\/www.manquepierda.com\/historiarealbetis\/wp-json\/wp\/v2\/users\/5"}],"replies":[{"embeddable":true,"href":"https:\/\/www.manquepierda.com\/historiarealbetis\/wp-json\/wp\/v2\/comments?post=75952"}],"version-history":[{"count":0,"href":"https:\/\/www.manquepierda.com\/historiarealbetis\/wp-json\/wp\/v2\/posts\/75952\/revisions"}],"wp:featuredmedia":[{"embeddable":true,"href":"https:\/\/www.manquepierda.com\/historiarealbetis\/wp-json\/wp\/v2\/media\/75953"}],"wp:attachment":[{"href":"https:\/\/www.manquepierda.com\/historiarealbetis\/wp-json\/wp\/v2\/media?parent=75952"}],"wp:term":[{"taxonomy":"category","embeddable":true,"href":"https:\/\/www.manquepierda.com\/historiarealbetis\/wp-json\/wp\/v2\/categories?post=75952"},{"taxonomy":"post_tag","embeddable":true,"href":"https:\/\/www.manquepierda.com\/historiarealbetis\/wp-json\/wp\/v2\/tags?post=75952"}],"curies":[{"name":"wp","href":"https:\/\/api.w.org\/{rel}","templated":true}]}}