{"id":76062,"date":"2020-08-19T09:25:16","date_gmt":"2020-08-19T07:25:16","guid":{"rendered":"http:\/\/www.manquepierda.com\/historiarealbetis\/?p=76062"},"modified":"2024-08-11T12:44:49","modified_gmt":"2024-08-11T10:44:49","slug":"la-media-betica-en-1939-2","status":"publish","type":"post","link":"https:\/\/www.manquepierda.com\/historiarealbetis\/la-media-betica-en-1939-2\/","title":{"rendered":"La media b\u00e9tica en 1939"},"content":{"rendered":"<p><a href=\"https:\/\/i0.wp.com\/www.manquepierda.com\/historiarealbetis\/files\/2020\/08\/La-media-b%C3%A9tica-en-1939.jpg?ssl=1\"><img data-recalc-dims=\"1\" loading=\"lazy\" decoding=\"async\" class=\"aligncenter size-medium wp-image-76063\" src=\"https:\/\/i0.wp.com\/www.manquepierda.com\/historiarealbetis\/files\/2020\/08\/La-media-b%C3%A9tica-en-1939.jpg?resize=680%2C440&#038;ssl=1\" alt=\"\" width=\"680\" height=\"440\" srcset=\"https:\/\/i0.wp.com\/www.manquepierda.com\/historiarealbetis\/files\/2020\/08\/La-media-b%C3%A9tica-en-1939.jpg?resize=680%2C440&amp;ssl=1 680w, https:\/\/i0.wp.com\/www.manquepierda.com\/historiarealbetis\/files\/2020\/08\/La-media-b%C3%A9tica-en-1939.jpg?resize=220%2C142&amp;ssl=1 220w, https:\/\/i0.wp.com\/www.manquepierda.com\/historiarealbetis\/files\/2020\/08\/La-media-b%C3%A9tica-en-1939.jpg?w=753&amp;ssl=1 753w\" sizes=\"auto, (max-width: 680px) 100vw, 680px\" \/><\/a><\/p>\n<p>10 de diciembre de 1939 en Chamart\u00edn Athletic Aviaci\u00f3n 0 Betis 0; jornada 2 del Campeonato de Liga de Primera Divisi\u00f3n.<\/p>\n<p>En la imagen los miembros de la media b\u00e9tica esa tarde en Chamart\u00edn: Jos\u00e9 Su\u00e1rez \u00abPeral\u00bb, Antonio Fern\u00e1ndez y Rafael Holgu\u00edn \u00abTomas\u00edn\u00bb.<\/p>\n<p>Jos\u00e9 Su\u00e1rez \u00abPeral, con 28 a\u00f1os y natural de Sevilla, era el capit\u00e1n del equipo esa tarde y cumpl\u00eda su temporada 11 en el equipo b\u00e9tico, al que lleg\u00f3 desde el Triaca en 1929.<\/p>\n<p>Antonio Fern\u00e1ndez, de 23 a\u00f1os y natural de El Arahal, jugaba su quinta temporada en el Betis Balompi\u00e9, al que lleg\u00f3 desde el Camas.<\/p>\n<p>Rafael Holgu\u00edn \u00abTomas\u00edn, con 20 a\u00f1os y natural de Sevilla, disputaba su segunda temporada en el Betis, tras jugar en diversos equipos de la local sevillana como el Sparta o el Macario.<\/p>\n","protected":false},"excerpt":{"rendered":"<p>10 de diciembre de 1939 en Chamart\u00edn Athletic Aviaci\u00f3n 0 Betis 0; jornada 2 del Campeonato de Liga de Primera Divisi\u00f3n. En la imagen los miembros de la media b\u00e9tica esa tarde en Chamart\u00edn: Jos\u00e9 Su\u00e1rez \u00abPeral\u00bb, Antonio Fern\u00e1ndez y Rafael Holgu\u00edn \u00abTomas\u00edn\u00bb. Jos\u00e9 Su\u00e1rez \u00abPeral, con 28 a\u00f1os y natural de Sevilla, era el&#8230;<\/p>\n","protected":false},"author":5,"featured_media":76063,"comment_status":"open","ping_status":"open","sticky":false,"template":"","format":"standard","meta":{"_kad_post_transparent":"","_kad_post_title":"","_kad_post_layout":"","_kad_post_sidebar_id":"","_kad_post_content_style":"","_kad_post_vertical_padding":"","_kad_post_feature":"","_kad_post_feature_position":"","_kad_post_header":false,"_kad_post_footer":false,"_kad_post_classname":"","_jetpack_memberships_contains_paid_content":false,"footnotes":"","jetpack_publicize_message":"","jetpack_publicize_feature_enabled":true,"jetpack_social_post_already_shared":true,"jetpack_social_options":{"image_generator_settings":{"template":"highway","default_image_id":0,"font":"","enabled":false},"version":2}},"categories":[899,1],"tags":[47,2476,109,17913,17867,2382],"class_list":["post-76062","post","type-post","status-publish","format-standard","has-post-thumbnail","hentry","category-1930-1939","category-portada","tag-47","tag-1939-40","tag-antonio-fernandez","tag-jose-suarez-peral","tag-liga-primera-1939-40","tag-rafael-holguin-tomasin"],"jetpack_publicize_connections":[],"jetpack_featured_media_url":"https:\/\/i0.wp.com\/www.manquepierda.com\/historiarealbetis\/files\/2020\/08\/La-media-b%C3%A9tica-en-1939.jpg?fit=753%2C487&ssl=1","jetpack_sharing_enabled":true,"jetpack_shortlink":"https:\/\/wp.me\/p1ij08-jMO","jetpack-related-posts":[],"_links":{"self":[{"href":"https:\/\/www.manquepierda.com\/historiarealbetis\/wp-json\/wp\/v2\/posts\/76062","targetHints":{"allow":["GET"]}}],"collection":[{"href":"https:\/\/www.manquepierda.com\/historiarealbetis\/wp-json\/wp\/v2\/posts"}],"about":[{"href":"https:\/\/www.manquepierda.com\/historiarealbetis\/wp-json\/wp\/v2\/types\/post"}],"author":[{"embeddable":true,"href":"https:\/\/www.manquepierda.com\/historiarealbetis\/wp-json\/wp\/v2\/users\/5"}],"replies":[{"embeddable":true,"href":"https:\/\/www.manquepierda.com\/historiarealbetis\/wp-json\/wp\/v2\/comments?post=76062"}],"version-history":[{"count":1,"href":"https:\/\/www.manquepierda.com\/historiarealbetis\/wp-json\/wp\/v2\/posts\/76062\/revisions"}],"predecessor-version":[{"id":96070,"href":"https:\/\/www.manquepierda.com\/historiarealbetis\/wp-json\/wp\/v2\/posts\/76062\/revisions\/96070"}],"wp:featuredmedia":[{"embeddable":true,"href":"https:\/\/www.manquepierda.com\/historiarealbetis\/wp-json\/wp\/v2\/media\/76063"}],"wp:attachment":[{"href":"https:\/\/www.manquepierda.com\/historiarealbetis\/wp-json\/wp\/v2\/media?parent=76062"}],"wp:term":[{"taxonomy":"category","embeddable":true,"href":"https:\/\/www.manquepierda.com\/historiarealbetis\/wp-json\/wp\/v2\/categories?post=76062"},{"taxonomy":"post_tag","embeddable":true,"href":"https:\/\/www.manquepierda.com\/historiarealbetis\/wp-json\/wp\/v2\/tags?post=76062"}],"curies":[{"name":"wp","href":"https:\/\/api.w.org\/{rel}","templated":true}]}}