{"id":76069,"date":"2020-08-20T09:40:05","date_gmt":"2020-08-20T07:40:05","guid":{"rendered":"http:\/\/www.manquepierda.com\/historiarealbetis\/?p=76069"},"modified":"2024-08-09T17:44:38","modified_gmt":"2024-08-09T15:44:38","slug":"la-delantera-betica-en-1939","status":"publish","type":"post","link":"https:\/\/www.manquepierda.com\/historiarealbetis\/la-delantera-betica-en-1939\/","title":{"rendered":"La delantera b\u00e9tica en 1939"},"content":{"rendered":"<p><a href=\"https:\/\/i0.wp.com\/www.manquepierda.com\/historiarealbetis\/files\/2020\/08\/La-delantera-b%C3%A9tica-en-1939-1.jpg?ssl=1\"><img data-recalc-dims=\"1\" loading=\"lazy\" decoding=\"async\" class=\"aligncenter size-medium wp-image-76070\" src=\"https:\/\/i0.wp.com\/www.manquepierda.com\/historiarealbetis\/files\/2020\/08\/La-delantera-b%C3%A9tica-en-1939-1.jpg?resize=680%2C443&#038;ssl=1\" alt=\"\" width=\"680\" height=\"443\" srcset=\"https:\/\/i0.wp.com\/www.manquepierda.com\/historiarealbetis\/files\/2020\/08\/La-delantera-b%C3%A9tica-en-1939-1.jpg?resize=680%2C443&amp;ssl=1 680w, https:\/\/i0.wp.com\/www.manquepierda.com\/historiarealbetis\/files\/2020\/08\/La-delantera-b%C3%A9tica-en-1939-1.jpg?resize=220%2C143&amp;ssl=1 220w, https:\/\/i0.wp.com\/www.manquepierda.com\/historiarealbetis\/files\/2020\/08\/La-delantera-b%C3%A9tica-en-1939-1.jpg?w=767&amp;ssl=1 767w\" sizes=\"auto, (max-width: 680px) 100vw, 680px\" \/><\/a><\/p>\n<p>10 de diciembre de 1939 en Chamart\u00edn Athletic Aviaci\u00f3n 0 Betis 0; jornada 2 del Campeonato de Liga de Primera Divisi\u00f3n.<\/p>\n<p>En la imagen Angel Mart\u00edn \u00abSaro\u00bb, Jos\u00e9 Gonz\u00e1lez Caballero y Francisco Gonz\u00e1lez \u00abPaquirri\u00bb.<\/p>\n<p><a href=\"https:\/\/i0.wp.com\/www.manquepierda.com\/historiarealbetis\/files\/2020\/08\/La-delantera-b%C3%A9tica-en-1939-2.jpg?ssl=1\"><img data-recalc-dims=\"1\" loading=\"lazy\" decoding=\"async\" class=\"aligncenter size-medium wp-image-76071\" src=\"https:\/\/i0.wp.com\/www.manquepierda.com\/historiarealbetis\/files\/2020\/08\/La-delantera-b%C3%A9tica-en-1939-2.jpg?resize=680%2C485&#038;ssl=1\" alt=\"\" width=\"680\" height=\"485\" srcset=\"https:\/\/i0.wp.com\/www.manquepierda.com\/historiarealbetis\/files\/2020\/08\/La-delantera-b%C3%A9tica-en-1939-2.jpg?resize=680%2C485&amp;ssl=1 680w, https:\/\/i0.wp.com\/www.manquepierda.com\/historiarealbetis\/files\/2020\/08\/La-delantera-b%C3%A9tica-en-1939-2.jpg?resize=220%2C157&amp;ssl=1 220w, https:\/\/i0.wp.com\/www.manquepierda.com\/historiarealbetis\/files\/2020\/08\/La-delantera-b%C3%A9tica-en-1939-2.jpg?w=699&amp;ssl=1 699w\" sizes=\"auto, (max-width: 680px) 100vw, 680px\" \/><\/a><\/p>\n<p>Los otros dos integrantes de la delantera b\u00e9tica: Guillermo Coll y Antonio Gonz\u00e1lez \u00abAnto\u00f1ito\u00bb.<\/p>\n<p>Angel Mart\u00edn \u00abSaro\u00bb, de 30 a\u00f1os y nacido en Valladolid aunque criado en Sestao, cumpl\u00eda su s\u00e9ptima temporada en el Betis, tras llegar del Arenas de Guecho. Para Jos\u00e9 Gonz\u00e1lez Caballero, natural de Alcal\u00e1 de Guadaira y con 23 a\u00f1os, era su sexta temporada en el primer equipo b\u00e9tico, al que lleg\u00f3 desde el equipo amateur verdiblanco. Francisco Gonz\u00e1lez \u00abPaquirri\u00bb, nacido en Sevilla y con 26 a\u00f1os, era la gran estrella del equipo b\u00e9tico.\u00a0 Era su sexta temporada en el Betis, despu\u00e9s de haber jugado en el Sparta y en el equipo amateur b\u00e9tico.<\/p>\n<p>Guillermo Coll, de 20 a\u00f1os y natural de Inca, proced\u00eda del Calavera. Fue en este partido cuando debut\u00f3 con el Betis Balompi\u00e9.<\/p>\n<p>Antonio Gonz\u00e1lez \u00abAnto\u00f1ito\u00bb, con 23 a\u00f1os y natural de Castilleja de la Cuesta, tambi\u00e9n debutaba en este partido. Proced\u00eda del Calavera.<\/p>\n","protected":false},"excerpt":{"rendered":"<p>10 de diciembre de 1939 en Chamart\u00edn Athletic Aviaci\u00f3n 0 Betis 0; jornada 2 del Campeonato de Liga de Primera Divisi\u00f3n. En la imagen Angel Mart\u00edn \u00abSaro\u00bb, Jos\u00e9 Gonz\u00e1lez Caballero y Francisco Gonz\u00e1lez \u00abPaquirri\u00bb. Los otros dos integrantes de la delantera b\u00e9tica: Guillermo Coll y Antonio Gonz\u00e1lez \u00abAnto\u00f1ito\u00bb. Angel Mart\u00edn \u00abSaro\u00bb, de 30 a\u00f1os y&#8230;<\/p>\n","protected":false},"author":5,"featured_media":76070,"comment_status":"open","ping_status":"open","sticky":false,"template":"","format":"standard","meta":{"_kad_post_transparent":"","_kad_post_title":"","_kad_post_layout":"","_kad_post_sidebar_id":"","_kad_post_content_style":"","_kad_post_vertical_padding":"","_kad_post_feature":"","_kad_post_feature_position":"","_kad_post_header":false,"_kad_post_footer":false,"_kad_post_classname":"","_jetpack_memberships_contains_paid_content":false,"footnotes":"","jetpack_publicize_message":"","jetpack_publicize_feature_enabled":true,"jetpack_social_post_already_shared":true,"jetpack_social_options":{"image_generator_settings":{"template":"highway","default_image_id":0,"font":"","enabled":false},"version":2}},"categories":[1],"tags":[47,2476,1057,2563,1575,1932,1182,17867],"class_list":["post-76069","post","type-post","status-publish","format-standard","has-post-thumbnail","hentry","category-portada","tag-47","tag-1939-40","tag-angel-martin-saro","tag-antonio-gonzalez-antonito","tag-francisco-gonzalez-paquirri","tag-guillermo-coll","tag-jose-caballero","tag-liga-primera-1939-40"],"jetpack_publicize_connections":[],"jetpack_featured_media_url":"https:\/\/i0.wp.com\/www.manquepierda.com\/historiarealbetis\/files\/2020\/08\/La-delantera-b%C3%A9tica-en-1939-1.jpg?fit=767%2C500&ssl=1","jetpack_sharing_enabled":true,"jetpack_shortlink":"https:\/\/wp.me\/p1ij08-jMV","jetpack-related-posts":[],"_links":{"self":[{"href":"https:\/\/www.manquepierda.com\/historiarealbetis\/wp-json\/wp\/v2\/posts\/76069","targetHints":{"allow":["GET"]}}],"collection":[{"href":"https:\/\/www.manquepierda.com\/historiarealbetis\/wp-json\/wp\/v2\/posts"}],"about":[{"href":"https:\/\/www.manquepierda.com\/historiarealbetis\/wp-json\/wp\/v2\/types\/post"}],"author":[{"embeddable":true,"href":"https:\/\/www.manquepierda.com\/historiarealbetis\/wp-json\/wp\/v2\/users\/5"}],"replies":[{"embeddable":true,"href":"https:\/\/www.manquepierda.com\/historiarealbetis\/wp-json\/wp\/v2\/comments?post=76069"}],"version-history":[{"count":1,"href":"https:\/\/www.manquepierda.com\/historiarealbetis\/wp-json\/wp\/v2\/posts\/76069\/revisions"}],"predecessor-version":[{"id":95787,"href":"https:\/\/www.manquepierda.com\/historiarealbetis\/wp-json\/wp\/v2\/posts\/76069\/revisions\/95787"}],"wp:featuredmedia":[{"embeddable":true,"href":"https:\/\/www.manquepierda.com\/historiarealbetis\/wp-json\/wp\/v2\/media\/76070"}],"wp:attachment":[{"href":"https:\/\/www.manquepierda.com\/historiarealbetis\/wp-json\/wp\/v2\/media?parent=76069"}],"wp:term":[{"taxonomy":"category","embeddable":true,"href":"https:\/\/www.manquepierda.com\/historiarealbetis\/wp-json\/wp\/v2\/categories?post=76069"},{"taxonomy":"post_tag","embeddable":true,"href":"https:\/\/www.manquepierda.com\/historiarealbetis\/wp-json\/wp\/v2\/tags?post=76069"}],"curies":[{"name":"wp","href":"https:\/\/api.w.org\/{rel}","templated":true}]}}