{"id":76076,"date":"2025-08-24T12:00:00","date_gmt":"2025-08-24T10:00:00","guid":{"rendered":"http:\/\/www.manquepierda.com\/historiarealbetis\/?p=76076"},"modified":"2025-07-06T12:04:15","modified_gmt":"2025-07-06T10:04:15","slug":"hoy-hace-50-anos-nace-juan-merino","status":"publish","type":"post","link":"https:\/\/www.manquepierda.com\/historiarealbetis\/hoy-hace-50-anos-nace-juan-merino\/","title":{"rendered":"Hoy hace 55 a\u00f1os. Nace Juan Merino."},"content":{"rendered":"<div class=\"wp-block-image\">\n<figure class=\"aligncenter size-full\"><img data-recalc-dims=\"1\" loading=\"lazy\" decoding=\"async\" width=\"508\" height=\"598\" src=\"https:\/\/i0.wp.com\/www.manquepierda.com\/historiarealbetis\/files\/2025\/08\/24-1970-Nace-Merino.jpg?resize=508%2C598&#038;ssl=1\" alt=\"\" class=\"wp-image-103721\" srcset=\"https:\/\/i0.wp.com\/www.manquepierda.com\/historiarealbetis\/files\/2025\/08\/24-1970-Nace-Merino.jpg?w=508&amp;ssl=1 508w, https:\/\/i0.wp.com\/www.manquepierda.com\/historiarealbetis\/files\/2025\/08\/24-1970-Nace-Merino.jpg?resize=187%2C220&amp;ssl=1 187w\" sizes=\"auto, (max-width: 508px) 100vw, 508px\" \/><\/figure>\n<\/div>\n\n\n<p><\/p>\n\n\n<p>\u00a0<\/p>\n<p><span style=\"color: #008000\">El 24 de agosto de 1970 nace en La L\u00ednea de la Concepci\u00f3n (C\u00e1diz) Juan Merino Ruiz, quien fuera jugador del Real Betis Balompi\u00e9 entre los a\u00f1os 1990 y 2002.<\/span><\/p>\n<p><span style=\"color: #008000\">Futbolista llegado en edad juvenil desde el Zaid\u00edn linense y que forma parte de la mejor historia del club, en el que ha disputado casi 500 partidos vistiendo la camiseta del primer equipo, aline\u00e1ndose en el centro del campo y en la defensa, y dejando siempre en el terreno de juego su entrega absoluta.<\/span><\/p>\n<p><span style=\"color: #008000\">Posteriormente, en un par de ocasiones fue entrenador del primer equipo b\u00e9tico, dando tambi\u00e9n un alto rendimiento en su desempe\u00f1o.<\/span><\/p>\n<p><span style=\"color: #008000\">Para saber m\u00e1s de su trayectoria b\u00e9tica ver <a href=\"https:\/\/www.manquepierda.com\/historiarealbetis\/juan-merino\/\"><strong>aqu\u00ed.<\/strong><\/a>\u00a0<\/span><\/p>","protected":false},"excerpt":{"rendered":"<p>\u00a0 El 24 de agosto de 1970 nace en La L\u00ednea de la Concepci\u00f3n (C\u00e1diz) Juan Merino Ruiz, quien fuera jugador del Real Betis Balompi\u00e9 entre los a\u00f1os 1990 y 2002. Futbolista llegado en edad juvenil desde el Zaid\u00edn linense y que forma parte de la mejor historia del club, en el que ha disputado&#8230;<\/p>\n","protected":false},"author":5,"featured_media":103721,"comment_status":"open","ping_status":"open","sticky":false,"template":"","format":"standard","meta":{"_kad_post_transparent":"","_kad_post_title":"","_kad_post_layout":"","_kad_post_sidebar_id":"","_kad_post_content_style":"","_kad_post_vertical_padding":"","_kad_post_feature":"","_kad_post_feature_position":"","_kad_post_header":false,"_kad_post_footer":false,"_kad_post_classname":"","_jetpack_memberships_contains_paid_content":false,"footnotes":"","jetpack_publicize_message":"","jetpack_publicize_feature_enabled":true,"jetpack_social_post_already_shared":true,"jetpack_social_options":{"image_generator_settings":{"template":"highway","default_image_id":0,"font":"","enabled":false},"version":2}},"categories":[903,14583,1],"tags":[1420],"class_list":["post-76076","post","type-post","status-publish","format-standard","has-post-thumbnail","hentry","category-1970-1979","category-efemerides","category-portada","tag-juan-merino"],"jetpack_publicize_connections":[],"jetpack_featured_media_url":"https:\/\/i0.wp.com\/www.manquepierda.com\/historiarealbetis\/files\/2025\/08\/24-1970-Nace-Merino.jpg?fit=508%2C598&ssl=1","jetpack_sharing_enabled":true,"jetpack_shortlink":"https:\/\/wp.me\/p1ij08-jN2","jetpack-related-posts":[],"_links":{"self":[{"href":"https:\/\/www.manquepierda.com\/historiarealbetis\/wp-json\/wp\/v2\/posts\/76076","targetHints":{"allow":["GET"]}}],"collection":[{"href":"https:\/\/www.manquepierda.com\/historiarealbetis\/wp-json\/wp\/v2\/posts"}],"about":[{"href":"https:\/\/www.manquepierda.com\/historiarealbetis\/wp-json\/wp\/v2\/types\/post"}],"author":[{"embeddable":true,"href":"https:\/\/www.manquepierda.com\/historiarealbetis\/wp-json\/wp\/v2\/users\/5"}],"replies":[{"embeddable":true,"href":"https:\/\/www.manquepierda.com\/historiarealbetis\/wp-json\/wp\/v2\/comments?post=76076"}],"version-history":[{"count":4,"href":"https:\/\/www.manquepierda.com\/historiarealbetis\/wp-json\/wp\/v2\/posts\/76076\/revisions"}],"predecessor-version":[{"id":103722,"href":"https:\/\/www.manquepierda.com\/historiarealbetis\/wp-json\/wp\/v2\/posts\/76076\/revisions\/103722"}],"wp:featuredmedia":[{"embeddable":true,"href":"https:\/\/www.manquepierda.com\/historiarealbetis\/wp-json\/wp\/v2\/media\/103721"}],"wp:attachment":[{"href":"https:\/\/www.manquepierda.com\/historiarealbetis\/wp-json\/wp\/v2\/media?parent=76076"}],"wp:term":[{"taxonomy":"category","embeddable":true,"href":"https:\/\/www.manquepierda.com\/historiarealbetis\/wp-json\/wp\/v2\/categories?post=76076"},{"taxonomy":"post_tag","embeddable":true,"href":"https:\/\/www.manquepierda.com\/historiarealbetis\/wp-json\/wp\/v2\/tags?post=76076"}],"curies":[{"name":"wp","href":"https:\/\/api.w.org\/{rel}","templated":true}]}}