{"id":76106,"date":"2025-08-30T12:00:00","date_gmt":"2025-08-30T10:00:00","guid":{"rendered":"http:\/\/www.manquepierda.com\/historiarealbetis\/?p=76106"},"modified":"2025-07-06T12:07:50","modified_gmt":"2025-07-06T10:07:50","slug":"hoy-hace-20-anos-baja-de-risto-vidakovic","status":"publish","type":"post","link":"https:\/\/www.manquepierda.com\/historiarealbetis\/hoy-hace-20-anos-baja-de-risto-vidakovic\/","title":{"rendered":"Hoy hace 25 a\u00f1os. Baja de Risto Vidakovic."},"content":{"rendered":"<p><a href=\"https:\/\/i0.wp.com\/www.manquepierda.com\/historiarealbetis\/files\/2020\/08\/30-2000-Baja-de-Vidakovic.jpg?ssl=1\"><img data-recalc-dims=\"1\" loading=\"lazy\" decoding=\"async\" class=\"wp-image-76107 alignleft\" src=\"https:\/\/i0.wp.com\/www.manquepierda.com\/historiarealbetis\/files\/2020\/08\/30-2000-Baja-de-Vidakovic.jpg?resize=293%2C385&#038;ssl=1\" alt=\"\" width=\"293\" height=\"385\" srcset=\"https:\/\/i0.wp.com\/www.manquepierda.com\/historiarealbetis\/files\/2020\/08\/30-2000-Baja-de-Vidakovic.jpg?w=196&amp;ssl=1 196w, https:\/\/i0.wp.com\/www.manquepierda.com\/historiarealbetis\/files\/2020\/08\/30-2000-Baja-de-Vidakovic.jpg?resize=167%2C220&amp;ssl=1 167w\" sizes=\"auto, (max-width: 293px) 100vw, 293px\" \/><\/a><\/p>\n<p><span style=\"color: #008000\">El 30 de agosto de 2000 el defensa Risto Vidakovic causaba baja en la plantilla del Real Betis Balompi\u00e9. Llegado al Betis en el verano de 1994 desde el Estrella Roja,\u00a0 y con un brillante historial en sus 6 temporadas de verdiblanco, su periplo como jugador b\u00e9tico termin\u00f3 en este verano de 2000 tras un largo periodo de desencuentros con la directiva de Ruiz de Lopera, quien le apart\u00f3 del equipo tras los graves problemas que la plantilla b\u00e9tica tuvo con el m\u00e1ximo mandatario b\u00e9tico, oblig\u00e1ndole a entrenarse con el filial.\u00a0<\/span><\/p>\n<p><span style=\"color: #008000\">Ese d\u00eda se lleg\u00f3 a un acuerdo para rescindir el contrato que le un\u00eda al Betis y se cerr\u00f3 el expediente disciplinario que se le hab\u00eda abierto por su implicaci\u00f3n en el plante efectuado por la plantilla el 11 de agosto.\u00a0<\/span><\/p>\n<p><span style=\"color: #008000\">Posteriormente fichar\u00eda por el Osasuna, donde jugar\u00eda una temporada y otra m\u00e1s en el Polideportivo Ejido.\u00a0<\/span><\/p>\n","protected":false},"excerpt":{"rendered":"<p>El 30 de agosto de 2000 el defensa Risto Vidakovic causaba baja en la plantilla del Real Betis Balompi\u00e9. Llegado al Betis en el verano de 1994 desde el Estrella Roja,\u00a0 y con un brillante historial en sus 6 temporadas de verdiblanco, su periplo como jugador b\u00e9tico termin\u00f3 en este verano de 2000 tras un&#8230;<\/p>\n","protected":false},"author":5,"featured_media":76107,"comment_status":"open","ping_status":"open","sticky":false,"template":"","format":"standard","meta":{"_kad_post_transparent":"","_kad_post_title":"","_kad_post_layout":"","_kad_post_sidebar_id":"","_kad_post_content_style":"","_kad_post_vertical_padding":"","_kad_post_feature":"","_kad_post_feature_position":"","_kad_post_header":false,"_kad_post_footer":false,"_kad_post_classname":"","_jetpack_memberships_contains_paid_content":false,"footnotes":"","jetpack_publicize_message":"","jetpack_publicize_feature_enabled":true,"jetpack_social_post_already_shared":true,"jetpack_social_options":{"image_generator_settings":{"template":"highway","default_image_id":0,"font":"","enabled":false},"version":2}},"categories":[4823,14583,1],"tags":[6730,16845],"class_list":["post-76106","post","type-post","status-publish","format-standard","has-post-thumbnail","hentry","category-2000-2009","category-efemerides","category-portada","tag-6730","tag-risto-vidakovic"],"jetpack_publicize_connections":[],"jetpack_featured_media_url":"https:\/\/i0.wp.com\/www.manquepierda.com\/historiarealbetis\/files\/2020\/08\/30-2000-Baja-de-Vidakovic.jpg?fit=196%2C258&ssl=1","jetpack_sharing_enabled":true,"jetpack_shortlink":"https:\/\/wp.me\/p1ij08-jNw","jetpack-related-posts":[],"_links":{"self":[{"href":"https:\/\/www.manquepierda.com\/historiarealbetis\/wp-json\/wp\/v2\/posts\/76106","targetHints":{"allow":["GET"]}}],"collection":[{"href":"https:\/\/www.manquepierda.com\/historiarealbetis\/wp-json\/wp\/v2\/posts"}],"about":[{"href":"https:\/\/www.manquepierda.com\/historiarealbetis\/wp-json\/wp\/v2\/types\/post"}],"author":[{"embeddable":true,"href":"https:\/\/www.manquepierda.com\/historiarealbetis\/wp-json\/wp\/v2\/users\/5"}],"replies":[{"embeddable":true,"href":"https:\/\/www.manquepierda.com\/historiarealbetis\/wp-json\/wp\/v2\/comments?post=76106"}],"version-history":[{"count":1,"href":"https:\/\/www.manquepierda.com\/historiarealbetis\/wp-json\/wp\/v2\/posts\/76106\/revisions"}],"predecessor-version":[{"id":103730,"href":"https:\/\/www.manquepierda.com\/historiarealbetis\/wp-json\/wp\/v2\/posts\/76106\/revisions\/103730"}],"wp:featuredmedia":[{"embeddable":true,"href":"https:\/\/www.manquepierda.com\/historiarealbetis\/wp-json\/wp\/v2\/media\/76107"}],"wp:attachment":[{"href":"https:\/\/www.manquepierda.com\/historiarealbetis\/wp-json\/wp\/v2\/media?parent=76106"}],"wp:term":[{"taxonomy":"category","embeddable":true,"href":"https:\/\/www.manquepierda.com\/historiarealbetis\/wp-json\/wp\/v2\/categories?post=76106"},{"taxonomy":"post_tag","embeddable":true,"href":"https:\/\/www.manquepierda.com\/historiarealbetis\/wp-json\/wp\/v2\/tags?post=76106"}],"curies":[{"name":"wp","href":"https:\/\/api.w.org\/{rel}","templated":true}]}}