{"id":76163,"date":"2020-08-29T09:57:19","date_gmt":"2020-08-29T07:57:19","guid":{"rendered":"http:\/\/www.manquepierda.com\/historiarealbetis\/?p=76163"},"modified":"2025-08-04T07:50:00","modified_gmt":"2025-08-04T05:50:00","slug":"plantilla-temporada-1992-93","status":"publish","type":"post","link":"https:\/\/www.manquepierda.com\/historiarealbetis\/plantilla-temporada-1992-93\/","title":{"rendered":"Plantilla Temporada 1992-93."},"content":{"rendered":"\n<figure class=\"wp-block-image size-large\"><img data-recalc-dims=\"1\" loading=\"lazy\" decoding=\"async\" width=\"960\" height=\"566\" src=\"https:\/\/i0.wp.com\/www.manquepierda.com\/historiarealbetis\/files\/2020\/08\/1992-93-Foto-oficial-de-la-plantilla-2.jpg?resize=960%2C566&#038;ssl=1\" alt=\"\" class=\"wp-image-104067\" srcset=\"https:\/\/i0.wp.com\/www.manquepierda.com\/historiarealbetis\/files\/2020\/08\/1992-93-Foto-oficial-de-la-plantilla-2.jpg?resize=960%2C566&amp;ssl=1 960w, https:\/\/i0.wp.com\/www.manquepierda.com\/historiarealbetis\/files\/2020\/08\/1992-93-Foto-oficial-de-la-plantilla-2.jpg?resize=680%2C401&amp;ssl=1 680w, https:\/\/i0.wp.com\/www.manquepierda.com\/historiarealbetis\/files\/2020\/08\/1992-93-Foto-oficial-de-la-plantilla-2.jpg?resize=220%2C130&amp;ssl=1 220w, https:\/\/i0.wp.com\/www.manquepierda.com\/historiarealbetis\/files\/2020\/08\/1992-93-Foto-oficial-de-la-plantilla-2.jpg?resize=768%2C453&amp;ssl=1 768w, https:\/\/i0.wp.com\/www.manquepierda.com\/historiarealbetis\/files\/2020\/08\/1992-93-Foto-oficial-de-la-plantilla-2.jpg?resize=1536%2C906&amp;ssl=1 1536w, https:\/\/i0.wp.com\/www.manquepierda.com\/historiarealbetis\/files\/2020\/08\/1992-93-Foto-oficial-de-la-plantilla-2.jpg?w=2048&amp;ssl=1 2048w\" sizes=\"auto, (max-width: 960px) 100vw, 960px\" \/><\/figure>\n\n\n<p>\u00a0<\/p>\n<p>Imagen de la plantilla del Real Betis Balompi\u00e9 en la temporada 1992-93.<\/p>\n<p>En la fila de arriba: Diezma, Merino II, Julio, Ure\u00f1a, Juanlu, Kukleta, Gabino y Requena; en la fila intermedia Jos\u00e9 Lorente, Jos\u00e9 Mar\u00eda Montiel, M\u00e1rquez, Gordillo, Rogelio Sosa, Jos\u00e9 Le\u00f3n, Jorge D\u00b4Alessandro, Monreal, Rodolfo y Vicente Montiel; en la de abajo Cu\u00e9llar, R\u00edos, Zafra, Merino, Ivanov, Loreto, Tab Ramos y Mel.<\/p>","protected":false},"excerpt":{"rendered":"<p>\u00a0 Imagen de la plantilla del Real Betis Balompi\u00e9 en la temporada 1992-93. En la fila de arriba: Diezma, Merino II, Julio, Ure\u00f1a, Juanlu, Kukleta, Gabino y Requena; en la fila intermedia Jos\u00e9 Lorente, Jos\u00e9 Mar\u00eda Montiel, M\u00e1rquez, Gordillo, Rogelio Sosa, Jos\u00e9 Le\u00f3n, Jorge D\u00b4Alessandro, Monreal, Rodolfo y Vicente Montiel; en la de abajo Cu\u00e9llar,&#8230;<\/p>\n","protected":false},"author":5,"featured_media":76164,"comment_status":"open","ping_status":"open","sticky":false,"template":"","format":"standard","meta":{"_kad_post_transparent":"","_kad_post_title":"","_kad_post_layout":"","_kad_post_sidebar_id":"","_kad_post_content_style":"","_kad_post_vertical_padding":"","_kad_post_feature":"","_kad_post_feature_position":"","_kad_post_header":false,"_kad_post_footer":false,"_kad_post_classname":"","_jetpack_memberships_contains_paid_content":false,"footnotes":"","jetpack_publicize_message":"","jetpack_publicize_feature_enabled":true,"jetpack_social_post_already_shared":true,"jetpack_social_options":{"image_generator_settings":{"template":"highway","default_image_id":0,"font":"","enabled":false},"version":2}},"categories":[905,1],"tags":[8377,1309,3922,1148,1129,1214,3653,18704,1074,1044,8716,5467,15494,1399,1420,1417,1369,3921,655,1305,2289,1354,1396,8378,12371,9363,1606],"class_list":["post-76163","post","type-post","status-publish","format-standard","has-post-thumbnail","hentry","category-1990-1999","category-portada","tag-1992-93","tag-angel-cuellar","tag-antonio-monreal","tag-francisco-javier-zafra","tag-gabino-rodriguez","tag-jorge-dalessandro","tag-jose-leon-gomez","tag-jose-lorente","tag-jose-luis-diezma","tag-jose-luis-loreto","tag-jose-maria-montiel","tag-jose-salvador-requena","tag-juan-antonio-urena","tag-juan-luis-bernal-juanlu","tag-juan-merino","tag-julio-garcia","tag-luis-marquez","tag-luis-merino","tag-pepe-mel","tag-rafael-gordillo","tag-roberto-rios","tag-rodolfo-garrido","tag-rogelio-sosa","tag-roman-kukleta","tag-tab-ramos","tag-trifon-ivanov","tag-vicente-montiel"],"jetpack_publicize_connections":[],"jetpack_featured_media_url":"https:\/\/i0.wp.com\/www.manquepierda.com\/historiarealbetis\/files\/2020\/08\/Plantilla-1992-scaled.jpg?fit=2195%2C2560&ssl=1","jetpack_sharing_enabled":true,"jetpack_shortlink":"https:\/\/wp.me\/p1ij08-jOr","jetpack-related-posts":[],"_links":{"self":[{"href":"https:\/\/www.manquepierda.com\/historiarealbetis\/wp-json\/wp\/v2\/posts\/76163","targetHints":{"allow":["GET"]}}],"collection":[{"href":"https:\/\/www.manquepierda.com\/historiarealbetis\/wp-json\/wp\/v2\/posts"}],"about":[{"href":"https:\/\/www.manquepierda.com\/historiarealbetis\/wp-json\/wp\/v2\/types\/post"}],"author":[{"embeddable":true,"href":"https:\/\/www.manquepierda.com\/historiarealbetis\/wp-json\/wp\/v2\/users\/5"}],"replies":[{"embeddable":true,"href":"https:\/\/www.manquepierda.com\/historiarealbetis\/wp-json\/wp\/v2\/comments?post=76163"}],"version-history":[{"count":1,"href":"https:\/\/www.manquepierda.com\/historiarealbetis\/wp-json\/wp\/v2\/posts\/76163\/revisions"}],"predecessor-version":[{"id":104069,"href":"https:\/\/www.manquepierda.com\/historiarealbetis\/wp-json\/wp\/v2\/posts\/76163\/revisions\/104069"}],"wp:featuredmedia":[{"embeddable":true,"href":"https:\/\/www.manquepierda.com\/historiarealbetis\/wp-json\/wp\/v2\/media\/76164"}],"wp:attachment":[{"href":"https:\/\/www.manquepierda.com\/historiarealbetis\/wp-json\/wp\/v2\/media?parent=76163"}],"wp:term":[{"taxonomy":"category","embeddable":true,"href":"https:\/\/www.manquepierda.com\/historiarealbetis\/wp-json\/wp\/v2\/categories?post=76163"},{"taxonomy":"post_tag","embeddable":true,"href":"https:\/\/www.manquepierda.com\/historiarealbetis\/wp-json\/wp\/v2\/tags?post=76163"}],"curies":[{"name":"wp","href":"https:\/\/api.w.org\/{rel}","templated":true}]}}