{"id":76275,"date":"2020-08-27T09:59:00","date_gmt":"2020-08-27T07:59:00","guid":{"rendered":"http:\/\/www.manquepierda.com\/historiarealbetis\/?p=76275"},"modified":"2024-08-10T20:42:00","modified_gmt":"2024-08-10T18:42:00","slug":"betis-deportivo-liga-2003","status":"publish","type":"post","link":"https:\/\/www.manquepierda.com\/historiarealbetis\/betis-deportivo-liga-2003\/","title":{"rendered":"Betis-Deportivo Liga 2003"},"content":{"rendered":"<div class=\"wp-block-image\">\n<figure class=\"aligncenter size-large is-resized\"><img data-recalc-dims=\"1\" loading=\"lazy\" decoding=\"async\" width=\"400\" height=\"292\" src=\"https:\/\/i0.wp.com\/www.manquepierda.com\/historiarealbetis\/files\/2020\/08\/Betis-Deportivo-Liga-2003-Palermo-ABC-23-11-2003.jpg?resize=400%2C292&#038;ssl=1\" alt=\"\" class=\"wp-image-76276\" style=\"width:573px;height:418px\" srcset=\"https:\/\/i0.wp.com\/www.manquepierda.com\/historiarealbetis\/files\/2020\/08\/Betis-Deportivo-Liga-2003-Palermo-ABC-23-11-2003.jpg?w=400&amp;ssl=1 400w, https:\/\/i0.wp.com\/www.manquepierda.com\/historiarealbetis\/files\/2020\/08\/Betis-Deportivo-Liga-2003-Palermo-ABC-23-11-2003.jpg?resize=220%2C161&amp;ssl=1 220w\" sizes=\"auto, (max-width: 400px) 100vw, 400px\" \/><\/figure>\n<\/div>\n\n\n<p>23 de noviembre de 2003 en el Ruiz de Lopera Betis 0 Deportivo 0; jornada 12 del Campeonato de Liga de Primera Divisi\u00f3n.<\/p>\n\n\n\n<p>En la imagen una chilena dentro del \u00e1rea del delantero b\u00e9tico Mart\u00edn Palermo, que posteriormente remat\u00f3 Dani a las mallas del guardameta deportivista Molina, y que incomprensiblemente el colegiado Mej\u00eda D\u00e1vila anul\u00f3 por juego peligroso en el remate de Palermo.<\/p>\n\n\n\n<p>Un partido que debi\u00f3 ganar el equipo verdiblanco que acos\u00f3 insistentemente la porter\u00eda gallega, en una noche de lluvia y con el terreno de juego convertido en una piscina.<\/p>\n\n\n\n<p>V\u00edctor Fern\u00e1ndez entrenaba al Betis y Javier Irureta al Deportivo.<\/p>\n","protected":false},"excerpt":{"rendered":"<p>23 de noviembre de 2003 en el Ruiz de Lopera Betis 0 Deportivo 0; jornada 12 del Campeonato de Liga de Primera Divisi\u00f3n. En la imagen una chilena dentro del \u00e1rea del delantero b\u00e9tico Mart\u00edn Palermo, que posteriormente remat\u00f3 Dani a las mallas del guardameta deportivista Molina, y que incomprensiblemente el colegiado Mej\u00eda D\u00e1vila anul\u00f3&#8230;<\/p>\n","protected":false},"author":5,"featured_media":76276,"comment_status":"open","ping_status":"open","sticky":false,"template":"","format":"standard","meta":{"_kad_post_transparent":"","_kad_post_title":"","_kad_post_layout":"","_kad_post_sidebar_id":"","_kad_post_content_style":"","_kad_post_vertical_padding":"","_kad_post_feature":"","_kad_post_feature_position":"","_kad_post_header":false,"_kad_post_footer":false,"_kad_post_classname":"","_jetpack_memberships_contains_paid_content":false,"footnotes":"","jetpack_publicize_message":"","jetpack_publicize_feature_enabled":true,"jetpack_social_post_already_shared":true,"jetpack_social_options":{"image_generator_settings":{"template":"highway","default_image_id":0,"font":"","enabled":false},"version":2}},"categories":[4823,1],"tags":[6552,6014,17836,4018,16882],"class_list":["post-76275","post","type-post","status-publish","format-standard","has-post-thumbnail","hentry","category-2000-2009","category-portada","tag-6552","tag-2003-04","tag-liga-primera-2003-04","tag-martin-palermo","tag-real-club-deportivo-la-coruna"],"jetpack_publicize_connections":[],"jetpack_featured_media_url":"https:\/\/i0.wp.com\/www.manquepierda.com\/historiarealbetis\/files\/2020\/08\/Betis-Deportivo-Liga-2003-Palermo-ABC-23-11-2003.jpg?fit=400%2C292&ssl=1","jetpack_sharing_enabled":true,"jetpack_shortlink":"https:\/\/wp.me\/p1ij08-jQf","jetpack-related-posts":[],"_links":{"self":[{"href":"https:\/\/www.manquepierda.com\/historiarealbetis\/wp-json\/wp\/v2\/posts\/76275","targetHints":{"allow":["GET"]}}],"collection":[{"href":"https:\/\/www.manquepierda.com\/historiarealbetis\/wp-json\/wp\/v2\/posts"}],"about":[{"href":"https:\/\/www.manquepierda.com\/historiarealbetis\/wp-json\/wp\/v2\/types\/post"}],"author":[{"embeddable":true,"href":"https:\/\/www.manquepierda.com\/historiarealbetis\/wp-json\/wp\/v2\/users\/5"}],"replies":[{"embeddable":true,"href":"https:\/\/www.manquepierda.com\/historiarealbetis\/wp-json\/wp\/v2\/comments?post=76275"}],"version-history":[{"count":2,"href":"https:\/\/www.manquepierda.com\/historiarealbetis\/wp-json\/wp\/v2\/posts\/76275\/revisions"}],"predecessor-version":[{"id":95274,"href":"https:\/\/www.manquepierda.com\/historiarealbetis\/wp-json\/wp\/v2\/posts\/76275\/revisions\/95274"}],"wp:featuredmedia":[{"embeddable":true,"href":"https:\/\/www.manquepierda.com\/historiarealbetis\/wp-json\/wp\/v2\/media\/76276"}],"wp:attachment":[{"href":"https:\/\/www.manquepierda.com\/historiarealbetis\/wp-json\/wp\/v2\/media?parent=76275"}],"wp:term":[{"taxonomy":"category","embeddable":true,"href":"https:\/\/www.manquepierda.com\/historiarealbetis\/wp-json\/wp\/v2\/categories?post=76275"},{"taxonomy":"post_tag","embeddable":true,"href":"https:\/\/www.manquepierda.com\/historiarealbetis\/wp-json\/wp\/v2\/tags?post=76275"}],"curies":[{"name":"wp","href":"https:\/\/api.w.org\/{rel}","templated":true}]}}