{"id":76305,"date":"2025-09-15T12:00:00","date_gmt":"2025-09-15T10:00:00","guid":{"rendered":"http:\/\/www.manquepierda.com\/historiarealbetis\/?p=76305"},"modified":"2025-08-04T19:13:10","modified_gmt":"2025-08-04T17:13:10","slug":"hoy-hace-60-anos-nace-salvador-navarro-salva","status":"publish","type":"post","link":"https:\/\/www.manquepierda.com\/historiarealbetis\/hoy-hace-60-anos-nace-salvador-navarro-salva\/","title":{"rendered":"Hoy hace 65 a\u00f1os. Nace Salvador Navarro \u00abSalva\u00bb."},"content":{"rendered":"\n<div class=\"wp-block-image\"><figure class=\"aligncenter size-large is-resized\"><img data-recalc-dims=\"1\" loading=\"lazy\" decoding=\"async\" src=\"https:\/\/i0.wp.com\/www.manquepierda.com\/historiarealbetis\/files\/2020\/08\/15-1960-Nace-Salva.jpg?resize=271%2C462&#038;ssl=1\" alt=\"\" class=\"wp-image-76306\" width=\"271\" height=\"462\" srcset=\"https:\/\/i0.wp.com\/www.manquepierda.com\/historiarealbetis\/files\/2020\/08\/15-1960-Nace-Salva.jpg?w=208&amp;ssl=1 208w, https:\/\/i0.wp.com\/www.manquepierda.com\/historiarealbetis\/files\/2020\/08\/15-1960-Nace-Salva.jpg?resize=129%2C220&amp;ssl=1 129w\" sizes=\"auto, (max-width: 271px) 100vw, 271px\" \/><\/figure><\/div>\n\n\n\n<p class=\"has-black-color has-light-green-cyan-background-color has-text-color has-background\">El 15 de septiembre de 1960 nace en Almer\u00eda Salvador Navarro Segura, \u201cSalva\u201d, quien fuera jugador de la primera plantilla del Real Betis Balompi\u00e9 entre 1982 y 1988.<\/p>\n\n\n\n<p class=\"has-black-color has-light-green-cyan-background-color has-text-color has-background\">Guardameta que lleg\u00f3 desde el Betis Deportivo y que tuvo que competir con Esnaola y Cervantes durante sus a\u00f1os en el primer equipo.<\/p>\n\n\n\n<p class=\"has-black-color has-light-green-cyan-background-color has-text-color has-background\">Para saber m\u00e1s de su trayectoria ver <a href=\"https:\/\/www.manquepierda.com\/historiarealbetis\/salvador-navarro-salva\/\"><strong>aqu\u00ed.<\/strong><\/a><\/p>\n","protected":false},"excerpt":{"rendered":"<p>El 15 de septiembre de 1960 nace en Almer\u00eda Salvador Navarro Segura, \u201cSalva\u201d, quien fuera jugador de la primera plantilla del Real Betis Balompi\u00e9 entre 1982 y 1988. Guardameta que lleg\u00f3 desde el Betis Deportivo y que tuvo que competir con Esnaola y Cervantes durante sus a\u00f1os en el primer equipo. Para saber m\u00e1s de&#8230;<\/p>\n","protected":false},"author":5,"featured_media":76306,"comment_status":"open","ping_status":"open","sticky":false,"template":"","format":"standard","meta":{"_kad_post_transparent":"","_kad_post_title":"","_kad_post_layout":"","_kad_post_sidebar_id":"","_kad_post_content_style":"","_kad_post_vertical_padding":"","_kad_post_feature":"","_kad_post_feature_position":"","_kad_post_header":false,"_kad_post_footer":false,"_kad_post_classname":"","_jetpack_memberships_contains_paid_content":false,"footnotes":"","jetpack_publicize_message":"","jetpack_publicize_feature_enabled":true,"jetpack_social_post_already_shared":true,"jetpack_social_options":{"image_generator_settings":{"template":"highway","default_image_id":0,"font":"","enabled":false},"version":2}},"categories":[902,14583,1],"tags":[1485],"class_list":["post-76305","post","type-post","status-publish","format-standard","has-post-thumbnail","hentry","category-1960-1969","category-efemerides","category-portada","tag-salvador-navarro-salva"],"jetpack_publicize_connections":[],"jetpack_featured_media_url":"https:\/\/i0.wp.com\/www.manquepierda.com\/historiarealbetis\/files\/2020\/08\/15-1960-Nace-Salva.jpg?fit=208%2C355&ssl=1","jetpack_sharing_enabled":true,"jetpack_shortlink":"https:\/\/wp.me\/p1ij08-jQJ","jetpack-related-posts":[],"_links":{"self":[{"href":"https:\/\/www.manquepierda.com\/historiarealbetis\/wp-json\/wp\/v2\/posts\/76305","targetHints":{"allow":["GET"]}}],"collection":[{"href":"https:\/\/www.manquepierda.com\/historiarealbetis\/wp-json\/wp\/v2\/posts"}],"about":[{"href":"https:\/\/www.manquepierda.com\/historiarealbetis\/wp-json\/wp\/v2\/types\/post"}],"author":[{"embeddable":true,"href":"https:\/\/www.manquepierda.com\/historiarealbetis\/wp-json\/wp\/v2\/users\/5"}],"replies":[{"embeddable":true,"href":"https:\/\/www.manquepierda.com\/historiarealbetis\/wp-json\/wp\/v2\/comments?post=76305"}],"version-history":[{"count":1,"href":"https:\/\/www.manquepierda.com\/historiarealbetis\/wp-json\/wp\/v2\/posts\/76305\/revisions"}],"predecessor-version":[{"id":104092,"href":"https:\/\/www.manquepierda.com\/historiarealbetis\/wp-json\/wp\/v2\/posts\/76305\/revisions\/104092"}],"wp:featuredmedia":[{"embeddable":true,"href":"https:\/\/www.manquepierda.com\/historiarealbetis\/wp-json\/wp\/v2\/media\/76306"}],"wp:attachment":[{"href":"https:\/\/www.manquepierda.com\/historiarealbetis\/wp-json\/wp\/v2\/media?parent=76305"}],"wp:term":[{"taxonomy":"category","embeddable":true,"href":"https:\/\/www.manquepierda.com\/historiarealbetis\/wp-json\/wp\/v2\/categories?post=76305"},{"taxonomy":"post_tag","embeddable":true,"href":"https:\/\/www.manquepierda.com\/historiarealbetis\/wp-json\/wp\/v2\/tags?post=76305"}],"curies":[{"name":"wp","href":"https:\/\/api.w.org\/{rel}","templated":true}]}}