{"id":76386,"date":"2025-09-19T12:00:00","date_gmt":"2025-09-19T10:00:00","guid":{"rendered":"http:\/\/www.manquepierda.com\/historiarealbetis\/?p=76386"},"modified":"2025-08-04T19:16:24","modified_gmt":"2025-08-04T17:16:24","slug":"hoy-hace-55-anos-debut-de-angel-de-la-fuente-2","status":"publish","type":"post","link":"https:\/\/www.manquepierda.com\/historiarealbetis\/hoy-hace-55-anos-debut-de-angel-de-la-fuente-2\/","title":{"rendered":"Hoy hace 60 a\u00f1os. Debut de \u00c1ngel De la Fuente."},"content":{"rendered":"\n<div class=\"wp-block-image\"><figure class=\"aligncenter size-large is-resized\"><img data-recalc-dims=\"1\" loading=\"lazy\" decoding=\"async\" src=\"https:\/\/i0.wp.com\/www.manquepierda.com\/historiarealbetis\/files\/2020\/09\/19-1965-Debut-de-De-la-Fuente.jpg?resize=332%2C550&#038;ssl=1\" alt=\"\" class=\"wp-image-76387\" width=\"332\" height=\"550\" srcset=\"https:\/\/i0.wp.com\/www.manquepierda.com\/historiarealbetis\/files\/2020\/09\/19-1965-Debut-de-De-la-Fuente.jpg?w=421&amp;ssl=1 421w, https:\/\/i0.wp.com\/www.manquepierda.com\/historiarealbetis\/files\/2020\/09\/19-1965-Debut-de-De-la-Fuente.jpg?resize=362%2C600&amp;ssl=1 362w, https:\/\/i0.wp.com\/www.manquepierda.com\/historiarealbetis\/files\/2020\/09\/19-1965-Debut-de-De-la-Fuente.jpg?resize=133%2C220&amp;ssl=1 133w\" sizes=\"auto, (max-width: 332px) 100vw, 332px\" \/><\/figure><\/div>\n\n\n<p><span style=\"color: #008000\">El 19 de septiembre de 1965 debuta en partido oficial con el Real Betis Balompi\u00e9 Angel De la Fuente Rubio, en el encuentro que en el Nou Camp enfrenta a Barcelona y Betis correspondiente a la tercera jornada del Campeonato de Liga de Primera Divisi\u00f3n.<\/span><\/p>\n<p><span style=\"color: #008000\">Cuando De La Fuente debut\u00f3 con el Betis ten\u00eda 24 a\u00f1os y hab\u00eda llegado desde el Murcia.<\/span><\/p>","protected":false},"excerpt":{"rendered":"<p>El 19 de septiembre de 1965 debuta en partido oficial con el Real Betis Balompi\u00e9 Angel De la Fuente Rubio, en el encuentro que en el Nou Camp enfrenta a Barcelona y Betis correspondiente a la tercera jornada del Campeonato de Liga de Primera Divisi\u00f3n. Cuando De La Fuente debut\u00f3 con el Betis ten\u00eda 24&#8230;<\/p>\n","protected":false},"author":5,"featured_media":76387,"comment_status":"open","ping_status":"open","sticky":false,"template":"","format":"standard","meta":{"_kad_post_transparent":"","_kad_post_title":"","_kad_post_layout":"","_kad_post_sidebar_id":"","_kad_post_content_style":"","_kad_post_vertical_padding":"","_kad_post_feature":"","_kad_post_feature_position":"","_kad_post_header":false,"_kad_post_footer":false,"_kad_post_classname":"","_jetpack_memberships_contains_paid_content":false,"footnotes":"","jetpack_publicize_message":"","jetpack_publicize_feature_enabled":true,"jetpack_social_post_already_shared":true,"jetpack_social_options":{"image_generator_settings":{"template":"highway","default_image_id":0,"font":"","enabled":false},"version":2}},"categories":[902,14583,1],"tags":[7334,12314,17861],"class_list":["post-76386","post","type-post","status-publish","format-standard","has-post-thumbnail","hentry","category-1960-1969","category-efemerides","category-portada","tag-7334","tag-angel-de-la-fuente","tag-liga-primera-1965-66"],"jetpack_publicize_connections":[],"jetpack_featured_media_url":"https:\/\/i0.wp.com\/www.manquepierda.com\/historiarealbetis\/files\/2020\/09\/19-1965-Debut-de-De-la-Fuente.jpg?fit=421%2C698&ssl=1","jetpack_sharing_enabled":true,"jetpack_shortlink":"https:\/\/wp.me\/p1ij08-jS2","jetpack-related-posts":[],"_links":{"self":[{"href":"https:\/\/www.manquepierda.com\/historiarealbetis\/wp-json\/wp\/v2\/posts\/76386","targetHints":{"allow":["GET"]}}],"collection":[{"href":"https:\/\/www.manquepierda.com\/historiarealbetis\/wp-json\/wp\/v2\/posts"}],"about":[{"href":"https:\/\/www.manquepierda.com\/historiarealbetis\/wp-json\/wp\/v2\/types\/post"}],"author":[{"embeddable":true,"href":"https:\/\/www.manquepierda.com\/historiarealbetis\/wp-json\/wp\/v2\/users\/5"}],"replies":[{"embeddable":true,"href":"https:\/\/www.manquepierda.com\/historiarealbetis\/wp-json\/wp\/v2\/comments?post=76386"}],"version-history":[{"count":2,"href":"https:\/\/www.manquepierda.com\/historiarealbetis\/wp-json\/wp\/v2\/posts\/76386\/revisions"}],"predecessor-version":[{"id":104096,"href":"https:\/\/www.manquepierda.com\/historiarealbetis\/wp-json\/wp\/v2\/posts\/76386\/revisions\/104096"}],"wp:featuredmedia":[{"embeddable":true,"href":"https:\/\/www.manquepierda.com\/historiarealbetis\/wp-json\/wp\/v2\/media\/76387"}],"wp:attachment":[{"href":"https:\/\/www.manquepierda.com\/historiarealbetis\/wp-json\/wp\/v2\/media?parent=76386"}],"wp:term":[{"taxonomy":"category","embeddable":true,"href":"https:\/\/www.manquepierda.com\/historiarealbetis\/wp-json\/wp\/v2\/categories?post=76386"},{"taxonomy":"post_tag","embeddable":true,"href":"https:\/\/www.manquepierda.com\/historiarealbetis\/wp-json\/wp\/v2\/tags?post=76386"}],"curies":[{"name":"wp","href":"https:\/\/api.w.org\/{rel}","templated":true}]}}