{"id":76585,"date":"2020-10-07T12:00:00","date_gmt":"2020-10-07T10:00:00","guid":{"rendered":"http:\/\/www.manquepierda.com\/historiarealbetis\/?p=76585"},"modified":"2025-08-28T18:56:35","modified_gmt":"2025-08-28T16:56:35","slug":"hoy-hace-75-anos-debut-de-francisco-gene","status":"publish","type":"post","link":"https:\/\/www.manquepierda.com\/historiarealbetis\/hoy-hace-75-anos-debut-de-francisco-gene\/","title":{"rendered":"Hoy hace 75 a\u00f1os. Debut de Francisco Gen\u00e9."},"content":{"rendered":"\n<div class=\"wp-block-image\"><figure class=\"aligncenter size-large is-resized\"><img data-recalc-dims=\"1\" loading=\"lazy\" decoding=\"async\" src=\"https:\/\/i0.wp.com\/www.manquepierda.com\/historiarealbetis\/files\/2020\/09\/7-1945-Debut-de-Francisco-Gene.jpg?resize=350%2C462&#038;ssl=1\" alt=\"\" class=\"wp-image-76586\" width=\"350\" height=\"462\" \/><\/figure><\/div>\n\n\n<p><span style=\"color: #008000\">El 7 de octubre de 1945 debuta en partido oficial con el Real Betis Balompi\u00e9 Francisco Gen\u00e9 Amar\u00e9, en el encuentro de la jornada 3 del Campeonato de Liga de Segunda Divisi\u00f3n que enfrenta a Betis y Racing de Santander en Heli\u00f3polis.<\/span><\/p>\n<p><span style=\"color: #008000\">Cuando Gen\u00e9 debut\u00f3 con el Betis ten\u00eda 25 a\u00f1os y hab\u00eda llegado desde el Oviedo.<\/span><\/p>","protected":false},"excerpt":{"rendered":"<p>El 7 de octubre de 1945 debuta en partido oficial con el Real Betis Balompi\u00e9 Francisco Gen\u00e9 Amar\u00e9, en el encuentro de la jornada 3 del Campeonato de Liga de Segunda Divisi\u00f3n que enfrenta a Betis y Racing de Santander en Heli\u00f3polis. Cuando Gen\u00e9 debut\u00f3 con el Betis ten\u00eda 25 a\u00f1os y hab\u00eda llegado desde&#8230;<\/p>\n","protected":false},"author":5,"featured_media":76586,"comment_status":"open","ping_status":"open","sticky":false,"template":"","format":"standard","meta":{"_kad_post_transparent":"","_kad_post_title":"","_kad_post_layout":"","_kad_post_sidebar_id":"","_kad_post_content_style":"","_kad_post_vertical_padding":"","_kad_post_feature":"","_kad_post_feature_position":"","_kad_post_header":false,"_kad_post_footer":false,"_kad_post_classname":"","_jetpack_memberships_contains_paid_content":false,"footnotes":"","jetpack_publicize_message":"","jetpack_publicize_feature_enabled":true,"jetpack_social_post_already_shared":true,"jetpack_social_options":{"image_generator_settings":{"template":"highway","default_image_id":0,"font":"","enabled":false},"version":2}},"categories":[900,14583,1],"tags":[1222,2041,17857],"class_list":["post-76585","post","type-post","status-publish","format-standard","has-post-thumbnail","hentry","category-1940-1949","category-efemerides","category-portada","tag-1222","tag-francisco-gene","tag-liga-segunda-1945-46"],"jetpack_publicize_connections":[],"jetpack_featured_media_url":"https:\/\/i0.wp.com\/www.manquepierda.com\/historiarealbetis\/files\/2020\/09\/7-1945-Debut-de-Francisco-Gene.jpg?fit=153%2C202&ssl=1","jetpack_sharing_enabled":true,"jetpack_shortlink":"https:\/\/wp.me\/p1ij08-jVf","jetpack-related-posts":[],"_links":{"self":[{"href":"https:\/\/www.manquepierda.com\/historiarealbetis\/wp-json\/wp\/v2\/posts\/76585","targetHints":{"allow":["GET"]}}],"collection":[{"href":"https:\/\/www.manquepierda.com\/historiarealbetis\/wp-json\/wp\/v2\/posts"}],"about":[{"href":"https:\/\/www.manquepierda.com\/historiarealbetis\/wp-json\/wp\/v2\/types\/post"}],"author":[{"embeddable":true,"href":"https:\/\/www.manquepierda.com\/historiarealbetis\/wp-json\/wp\/v2\/users\/5"}],"replies":[{"embeddable":true,"href":"https:\/\/www.manquepierda.com\/historiarealbetis\/wp-json\/wp\/v2\/comments?post=76585"}],"version-history":[{"count":3,"href":"https:\/\/www.manquepierda.com\/historiarealbetis\/wp-json\/wp\/v2\/posts\/76585\/revisions"}],"predecessor-version":[{"id":104729,"href":"https:\/\/www.manquepierda.com\/historiarealbetis\/wp-json\/wp\/v2\/posts\/76585\/revisions\/104729"}],"wp:featuredmedia":[{"embeddable":true,"href":"https:\/\/www.manquepierda.com\/historiarealbetis\/wp-json\/wp\/v2\/media\/76586"}],"wp:attachment":[{"href":"https:\/\/www.manquepierda.com\/historiarealbetis\/wp-json\/wp\/v2\/media?parent=76585"}],"wp:term":[{"taxonomy":"category","embeddable":true,"href":"https:\/\/www.manquepierda.com\/historiarealbetis\/wp-json\/wp\/v2\/categories?post=76585"},{"taxonomy":"post_tag","embeddable":true,"href":"https:\/\/www.manquepierda.com\/historiarealbetis\/wp-json\/wp\/v2\/tags?post=76585"}],"curies":[{"name":"wp","href":"https:\/\/api.w.org\/{rel}","templated":true}]}}