{"id":76600,"date":"2020-09-25T09:58:15","date_gmt":"2020-09-25T07:58:15","guid":{"rendered":"http:\/\/www.manquepierda.com\/historiarealbetis\/?p=76600"},"modified":"2024-09-25T19:21:35","modified_gmt":"2024-09-25T17:21:35","slug":"alineacion-betis-real-madrid-liga-1996","status":"publish","type":"post","link":"https:\/\/www.manquepierda.com\/historiarealbetis\/alineacion-betis-real-madrid-liga-1996\/","title":{"rendered":"Alineaci\u00f3n Betis-Real Madrid Liga 1996."},"content":{"rendered":"\n<figure class=\"wp-block-image size-large\"><img data-recalc-dims=\"1\" loading=\"lazy\" decoding=\"async\" width=\"954\" height=\"585\" src=\"https:\/\/i0.wp.com\/www.manquepierda.com\/historiarealbetis\/files\/2020\/09\/Alineacion-Betis-Real-Madrid-Liga-1996.jpg?resize=954%2C585&#038;ssl=1\" alt=\"\" class=\"wp-image-76601\" srcset=\"https:\/\/i0.wp.com\/www.manquepierda.com\/historiarealbetis\/files\/2020\/09\/Alineacion-Betis-Real-Madrid-Liga-1996.jpg?w=954&amp;ssl=1 954w, https:\/\/i0.wp.com\/www.manquepierda.com\/historiarealbetis\/files\/2020\/09\/Alineacion-Betis-Real-Madrid-Liga-1996.jpg?resize=680%2C417&amp;ssl=1 680w, https:\/\/i0.wp.com\/www.manquepierda.com\/historiarealbetis\/files\/2020\/09\/Alineacion-Betis-Real-Madrid-Liga-1996.jpg?resize=220%2C135&amp;ssl=1 220w, https:\/\/i0.wp.com\/www.manquepierda.com\/historiarealbetis\/files\/2020\/09\/Alineacion-Betis-Real-Madrid-Liga-1996.jpg?resize=768%2C471&amp;ssl=1 768w\" sizes=\"auto, (max-width: 954px) 100vw, 954px\" \/><\/figure>\n\n\n<p>16 de septiembre de 1996 en el Villamar\u00edn Betis 1 Real Madrid 1; jornada 3 del Campeonato de Liga de Primera Divisi\u00f3n.<\/p>\n<p>En la imagen arriba R\u00edos, Vidakovic, Jarni, Pier, Finidi y Prats; abajo Merino, Alfonso,&nbsp; Luis Fern\u00e1ndez, Alexis y Jaime.<\/p>\n<p>Alfonso adelant\u00f3 al Betis en el minuto 28 al rematar de cabeza una falta botada por Robert Jarni, mientras que el Real Madrid empat\u00f3 en el 43 con un lanzamiento directo de falta desde 30 metros de Roberto Carlos.<\/p>\n<p>Lorenzo Serra entrenaba al Betis y Fabio Capello al Real Madrid.&nbsp;<\/p>","protected":false},"excerpt":{"rendered":"<p>16 de septiembre de 1996 en el Villamar\u00edn Betis 1 Real Madrid 1; jornada 3 del Campeonato de Liga de Primera Divisi\u00f3n. En la imagen arriba R\u00edos, Vidakovic, Jarni, Pier, Finidi y Prats; abajo Merino, Alfonso,&nbsp; Luis Fern\u00e1ndez, Alexis y Jaime. Alfonso adelant\u00f3 al Betis en el minuto 28 al rematar de cabeza una falta&#8230;<\/p>\n","protected":false},"author":5,"featured_media":76601,"comment_status":"open","ping_status":"open","sticky":false,"template":"","format":"standard","meta":{"_kad_post_transparent":"","_kad_post_title":"","_kad_post_layout":"","_kad_post_sidebar_id":"","_kad_post_content_style":"","_kad_post_vertical_padding":"","_kad_post_feature":"","_kad_post_feature_position":"","_kad_post_header":false,"_kad_post_footer":false,"_kad_post_classname":"","_jetpack_memberships_contains_paid_content":false,"footnotes":"","jetpack_publicize_message":"","jetpack_publicize_feature_enabled":true,"jetpack_social_post_already_shared":true,"jetpack_social_options":{"image_generator_settings":{"template":"highway","default_image_id":0,"font":"","enabled":false},"version":2}},"categories":[905,1],"tags":[3291,2478,1328,1441,381,1332,1420,17853,3495,1047,13362,16845,1333,2289,16815],"class_list":["post-76600","post","type-post","status-publish","format-standard","has-post-thumbnail","hentry","category-1990-1999","category-portada","tag-3291","tag-1996-97","tag-alexis-trujillo","tag-alfonso-perez","tag-finidi-george","tag-jaime-quesada","tag-juan-merino","tag-liga-primera-1996-97","tag-luis-fernandez","tag-pier-luigi-cherubino","tag-real-madrid-cf","tag-risto-vidakovic","tag-robert-jarni","tag-roberto-rios","tag-toni-prats"],"jetpack_publicize_connections":[],"jetpack_featured_media_url":"https:\/\/i0.wp.com\/www.manquepierda.com\/historiarealbetis\/files\/2020\/09\/Alineacion-Betis-Real-Madrid-Liga-1996.jpg?fit=954%2C585&ssl=1","jetpack_sharing_enabled":true,"jetpack_shortlink":"https:\/\/wp.me\/p1ij08-jVu","jetpack-related-posts":[],"_links":{"self":[{"href":"https:\/\/www.manquepierda.com\/historiarealbetis\/wp-json\/wp\/v2\/posts\/76600","targetHints":{"allow":["GET"]}}],"collection":[{"href":"https:\/\/www.manquepierda.com\/historiarealbetis\/wp-json\/wp\/v2\/posts"}],"about":[{"href":"https:\/\/www.manquepierda.com\/historiarealbetis\/wp-json\/wp\/v2\/types\/post"}],"author":[{"embeddable":true,"href":"https:\/\/www.manquepierda.com\/historiarealbetis\/wp-json\/wp\/v2\/users\/5"}],"replies":[{"embeddable":true,"href":"https:\/\/www.manquepierda.com\/historiarealbetis\/wp-json\/wp\/v2\/comments?post=76600"}],"version-history":[{"count":1,"href":"https:\/\/www.manquepierda.com\/historiarealbetis\/wp-json\/wp\/v2\/posts\/76600\/revisions"}],"predecessor-version":[{"id":99718,"href":"https:\/\/www.manquepierda.com\/historiarealbetis\/wp-json\/wp\/v2\/posts\/76600\/revisions\/99718"}],"wp:featuredmedia":[{"embeddable":true,"href":"https:\/\/www.manquepierda.com\/historiarealbetis\/wp-json\/wp\/v2\/media\/76601"}],"wp:attachment":[{"href":"https:\/\/www.manquepierda.com\/historiarealbetis\/wp-json\/wp\/v2\/media?parent=76600"}],"wp:term":[{"taxonomy":"category","embeddable":true,"href":"https:\/\/www.manquepierda.com\/historiarealbetis\/wp-json\/wp\/v2\/categories?post=76600"},{"taxonomy":"post_tag","embeddable":true,"href":"https:\/\/www.manquepierda.com\/historiarealbetis\/wp-json\/wp\/v2\/tags?post=76600"}],"curies":[{"name":"wp","href":"https:\/\/api.w.org\/{rel}","templated":true}]}}