{"id":76762,"date":"2020-10-07T09:40:17","date_gmt":"2020-10-07T07:40:17","guid":{"rendered":"http:\/\/www.manquepierda.com\/historiarealbetis\/?p=76762"},"modified":"2024-11-22T19:12:26","modified_gmt":"2024-11-22T18:12:26","slug":"beticos-en-la-seleccion-el-debut-de-joaquin-2002","status":"publish","type":"post","link":"https:\/\/www.manquepierda.com\/historiarealbetis\/beticos-en-la-seleccion-el-debut-de-joaquin-2002\/","title":{"rendered":"B\u00e9ticos en la selecci\u00f3n. El debut de Joaqu\u00edn. 2002"},"content":{"rendered":"<div class=\"wp-block-image\">\n<figure class=\"aligncenter size-large\"><img data-recalc-dims=\"1\" loading=\"lazy\" decoding=\"async\" width=\"574\" height=\"364\" src=\"https:\/\/i0.wp.com\/www.manquepierda.com\/historiarealbetis\/files\/2020\/10\/464.-Espana-1-Portugal-1.jpg?resize=574%2C364&#038;ssl=1\" alt=\"\" class=\"wp-image-76763\" srcset=\"https:\/\/i0.wp.com\/www.manquepierda.com\/historiarealbetis\/files\/2020\/10\/464.-Espana-1-Portugal-1.jpg?w=574&amp;ssl=1 574w, https:\/\/i0.wp.com\/www.manquepierda.com\/historiarealbetis\/files\/2020\/10\/464.-Espana-1-Portugal-1.jpg?resize=220%2C140&amp;ssl=1 220w\" sizes=\"auto, (max-width: 574px) 100vw, 574px\" \/><\/figure>\n<\/div>\n\n\n<p>El 13 de febrero de 2002 Joaqu\u00edn S\u00e1nchez debuta con la selecci\u00f3n absoluta en el amistoso que enfrenta a Espa\u00f1a y Portugal en el estadio de Montjuic en Barcelona.<\/p>\n\n\n\n<p>En la imagen arriba Casillas (Real Madrid), Nadal (Barcelona), Curro Torres (Valencia), Morientes (Real Madrid) y Baraja (Valencia); abajo Sergi (Barcelona), Vicente (Valencia), Tamudo (Espanyol), Joaqu\u00edn (Betis), Xavi (Barcelona) y Pujol (Barcelona).<\/p>\n\n\n\n<p>El partido finaliz\u00f3 con empate a 1 y fue Jos\u00e9 Antonio Camacho el seleccionador que hizo debutar a Joaqu\u00edn, que ten\u00eda por entonces 20 a\u00f1os y ya hab\u00eda sido internacional con la selecci\u00f3n sub 21. <\/p>\n\n\n\n<p>Este fue el primero de las 51 ocasiones en que Joaqu\u00edn ha sido internacional con la selecci\u00f3n absoluta, perteneciendo al Betis en 42 partidos. <\/p>\n","protected":false},"excerpt":{"rendered":"<p>El 13 de febrero de 2002 Joaqu\u00edn S\u00e1nchez debuta con la selecci\u00f3n absoluta en el amistoso que enfrenta a Espa\u00f1a y Portugal en el estadio de Montjuic en Barcelona. En la imagen arriba Casillas (Real Madrid), Nadal (Barcelona), Curro Torres (Valencia), Morientes (Real Madrid) y Baraja (Valencia); abajo Sergi (Barcelona), Vicente (Valencia), Tamudo (Espanyol), Joaqu\u00edn&#8230;<\/p>\n","protected":false},"author":5,"featured_media":76763,"comment_status":"open","ping_status":"open","sticky":false,"template":"","format":"standard","meta":{"_kad_post_transparent":"","_kad_post_title":"","_kad_post_layout":"","_kad_post_sidebar_id":"","_kad_post_content_style":"","_kad_post_vertical_padding":"","_kad_post_feature":"","_kad_post_feature_position":"","_kad_post_header":false,"_kad_post_footer":false,"_kad_post_classname":"","_jetpack_memberships_contains_paid_content":false,"footnotes":"","jetpack_publicize_message":"","jetpack_publicize_feature_enabled":true,"jetpack_social_post_already_shared":true,"jetpack_social_options":{"image_generator_settings":{"template":"highway","default_image_id":0,"font":"","enabled":false},"version":2}},"categories":[4823,893,1],"tags":[5846,4824,3912,1586],"class_list":["post-76762","post","type-post","status-publish","format-standard","has-post-thumbnail","hentry","category-2000-2009","category-jugadores-temas","category-portada","tag-2001-02","tag-4824","tag-joaquin-sanchez","tag-seleccion-espanola"],"jetpack_publicize_connections":[],"jetpack_featured_media_url":"https:\/\/i0.wp.com\/www.manquepierda.com\/historiarealbetis\/files\/2020\/10\/464.-Espana-1-Portugal-1.jpg?fit=574%2C364&ssl=1","jetpack_sharing_enabled":true,"jetpack_shortlink":"https:\/\/wp.me\/p1ij08-jY6","jetpack-related-posts":[],"_links":{"self":[{"href":"https:\/\/www.manquepierda.com\/historiarealbetis\/wp-json\/wp\/v2\/posts\/76762","targetHints":{"allow":["GET"]}}],"collection":[{"href":"https:\/\/www.manquepierda.com\/historiarealbetis\/wp-json\/wp\/v2\/posts"}],"about":[{"href":"https:\/\/www.manquepierda.com\/historiarealbetis\/wp-json\/wp\/v2\/types\/post"}],"author":[{"embeddable":true,"href":"https:\/\/www.manquepierda.com\/historiarealbetis\/wp-json\/wp\/v2\/users\/5"}],"replies":[{"embeddable":true,"href":"https:\/\/www.manquepierda.com\/historiarealbetis\/wp-json\/wp\/v2\/comments?post=76762"}],"version-history":[{"count":2,"href":"https:\/\/www.manquepierda.com\/historiarealbetis\/wp-json\/wp\/v2\/posts\/76762\/revisions"}],"predecessor-version":[{"id":101041,"href":"https:\/\/www.manquepierda.com\/historiarealbetis\/wp-json\/wp\/v2\/posts\/76762\/revisions\/101041"}],"wp:featuredmedia":[{"embeddable":true,"href":"https:\/\/www.manquepierda.com\/historiarealbetis\/wp-json\/wp\/v2\/media\/76763"}],"wp:attachment":[{"href":"https:\/\/www.manquepierda.com\/historiarealbetis\/wp-json\/wp\/v2\/media?parent=76762"}],"wp:term":[{"taxonomy":"category","embeddable":true,"href":"https:\/\/www.manquepierda.com\/historiarealbetis\/wp-json\/wp\/v2\/categories?post=76762"},{"taxonomy":"post_tag","embeddable":true,"href":"https:\/\/www.manquepierda.com\/historiarealbetis\/wp-json\/wp\/v2\/tags?post=76762"}],"curies":[{"name":"wp","href":"https:\/\/api.w.org\/{rel}","templated":true}]}}