{"id":76781,"date":"2020-10-08T09:01:50","date_gmt":"2020-10-08T07:01:50","guid":{"rendered":"http:\/\/www.manquepierda.com\/historiarealbetis\/?p=76781"},"modified":"2024-11-22T19:14:38","modified_gmt":"2024-11-22T18:14:38","slug":"alineacion-betis-hercules-campenato-mancomunado-1934","status":"publish","type":"post","link":"https:\/\/www.manquepierda.com\/historiarealbetis\/alineacion-betis-hercules-campenato-mancomunado-1934\/","title":{"rendered":"Alineaci\u00f3n Betis-H\u00e9rcules Campenato Mancomunado 1934."},"content":{"rendered":"<div class=\"wp-block-image\">\n<figure class=\"aligncenter size-large\"><img data-recalc-dims=\"1\" loading=\"lazy\" decoding=\"async\" width=\"600\" height=\"412\" src=\"https:\/\/i0.wp.com\/www.manquepierda.com\/historiarealbetis\/files\/2020\/10\/Alinecion-Betis-Hercules-Campeonato-Mancomunado-1934.jpg?resize=600%2C412&#038;ssl=1\" alt=\"\" class=\"wp-image-76782\" srcset=\"https:\/\/i0.wp.com\/www.manquepierda.com\/historiarealbetis\/files\/2020\/10\/Alinecion-Betis-Hercules-Campeonato-Mancomunado-1934.jpg?w=600&amp;ssl=1 600w, https:\/\/i0.wp.com\/www.manquepierda.com\/historiarealbetis\/files\/2020\/10\/Alinecion-Betis-Hercules-Campeonato-Mancomunado-1934.jpg?resize=220%2C151&amp;ssl=1 220w\" sizes=\"auto, (max-width: 600px) 100vw, 600px\" \/><\/figure>\n<\/div>\n\n<p>23 de septiembre de 1934 en el Patronato Betis 0&nbsp; H\u00e9rcules 1; jornada 2 del Campeonato Mancomunado Levante-Sur.<\/p>\n<p>En la imagen arriba Lecue, Unamuno, Aedo, Urquiaga, Baraga\u00f1o, Peral y Rancel; abajo Timimi, Larrinoa, Areso y Fern\u00e1ndez.<\/p>\n<p>Un gol de Sosa en el minuto 75 dio la victoria al equipo alicantino.<\/p>\n<p>Patrick O\u00b4Connell entrenaba al Betis y Manuel Su\u00e1rez al H\u00e9rcules.<\/p>","protected":false},"excerpt":{"rendered":"<p>23 de septiembre de 1934 en el Patronato Betis 0&nbsp; H\u00e9rcules 1; jornada 2 del Campeonato Mancomunado Levante-Sur. En la imagen arriba Lecue, Unamuno, Aedo, Urquiaga, Baraga\u00f1o, Peral y Rancel; abajo Timimi, Larrinoa, Areso y Fern\u00e1ndez. Un gol de Sosa en el minuto 75 dio la victoria al equipo alicantino. Patrick O\u00b4Connell entrenaba al Betis&#8230;<\/p>\n","protected":false},"author":5,"featured_media":76782,"comment_status":"open","ping_status":"open","sticky":false,"template":"","format":"standard","meta":{"_kad_post_transparent":"","_kad_post_title":"","_kad_post_layout":"","_kad_post_sidebar_id":"","_kad_post_content_style":"","_kad_post_vertical_padding":"","_kad_post_feature":"","_kad_post_feature_position":"","_kad_post_header":false,"_kad_post_footer":false,"_kad_post_classname":"","_jetpack_memberships_contains_paid_content":false,"footnotes":"","jetpack_publicize_message":"","jetpack_publicize_feature_enabled":true,"jetpack_social_post_already_shared":true,"jetpack_social_options":{"image_generator_settings":{"template":"highway","default_image_id":0,"font":"","enabled":false},"version":2}},"categories":[899,1],"tags":[1536,2267,17871,3858,2706,1454,17743,1482,17913,1016,1113,2268,1017,1043,983],"class_list":["post-76781","post","type-post","status-publish","format-standard","has-post-thumbnail","hentry","category-1930-1939","category-portada","tag-1536","tag-1934-35","tag-campeonato-mancomunado-1934-35","tag-cesareo-baragano","tag-hercules-cf","tag-joaquin-urquiaga","tag-jose-fernandez","tag-jose-rancel","tag-jose-suarez-peral","tag-pedro-areso","tag-pedro-gonzalez-timimi","tag-rufino-larrinoa","tag-serafin-aedo","tag-simon-lecue","tag-victorio-unamuno"],"jetpack_publicize_connections":[],"jetpack_featured_media_url":"https:\/\/i0.wp.com\/www.manquepierda.com\/historiarealbetis\/files\/2020\/10\/Alinecion-Betis-Hercules-Campeonato-Mancomunado-1934.jpg?fit=600%2C412&ssl=1","jetpack_sharing_enabled":true,"jetpack_shortlink":"https:\/\/wp.me\/p1ij08-jYp","jetpack-related-posts":[],"_links":{"self":[{"href":"https:\/\/www.manquepierda.com\/historiarealbetis\/wp-json\/wp\/v2\/posts\/76781","targetHints":{"allow":["GET"]}}],"collection":[{"href":"https:\/\/www.manquepierda.com\/historiarealbetis\/wp-json\/wp\/v2\/posts"}],"about":[{"href":"https:\/\/www.manquepierda.com\/historiarealbetis\/wp-json\/wp\/v2\/types\/post"}],"author":[{"embeddable":true,"href":"https:\/\/www.manquepierda.com\/historiarealbetis\/wp-json\/wp\/v2\/users\/5"}],"replies":[{"embeddable":true,"href":"https:\/\/www.manquepierda.com\/historiarealbetis\/wp-json\/wp\/v2\/comments?post=76781"}],"version-history":[{"count":2,"href":"https:\/\/www.manquepierda.com\/historiarealbetis\/wp-json\/wp\/v2\/posts\/76781\/revisions"}],"predecessor-version":[{"id":101043,"href":"https:\/\/www.manquepierda.com\/historiarealbetis\/wp-json\/wp\/v2\/posts\/76781\/revisions\/101043"}],"wp:featuredmedia":[{"embeddable":true,"href":"https:\/\/www.manquepierda.com\/historiarealbetis\/wp-json\/wp\/v2\/media\/76782"}],"wp:attachment":[{"href":"https:\/\/www.manquepierda.com\/historiarealbetis\/wp-json\/wp\/v2\/media?parent=76781"}],"wp:term":[{"taxonomy":"category","embeddable":true,"href":"https:\/\/www.manquepierda.com\/historiarealbetis\/wp-json\/wp\/v2\/categories?post=76781"},{"taxonomy":"post_tag","embeddable":true,"href":"https:\/\/www.manquepierda.com\/historiarealbetis\/wp-json\/wp\/v2\/tags?post=76781"}],"curies":[{"name":"wp","href":"https:\/\/api.w.org\/{rel}","templated":true}]}}