{"id":76785,"date":"2020-10-09T09:19:46","date_gmt":"2020-10-09T07:19:46","guid":{"rendered":"http:\/\/www.manquepierda.com\/historiarealbetis\/?p=76785"},"modified":"2024-09-04T19:45:57","modified_gmt":"2024-09-04T17:45:57","slug":"esnaola-en-el-banquillo-1993","status":"publish","type":"post","link":"https:\/\/www.manquepierda.com\/historiarealbetis\/esnaola-en-el-banquillo-1993\/","title":{"rendered":"Esnaola en el banquillo. 1993"},"content":{"rendered":"\n<figure class=\"wp-block-image size-large\"><img data-recalc-dims=\"1\" loading=\"lazy\" decoding=\"async\" width=\"960\" height=\"657\" src=\"https:\/\/i0.wp.com\/www.manquepierda.com\/historiarealbetis\/files\/2020\/10\/Esnaola-en-el-banquillo.-1993..jpg?resize=960%2C657&#038;ssl=1\" alt=\"\" class=\"wp-image-76786\" srcset=\"https:\/\/i0.wp.com\/www.manquepierda.com\/historiarealbetis\/files\/2020\/10\/Esnaola-en-el-banquillo.-1993.-scaled.jpg?resize=960%2C657&amp;ssl=1 960w, https:\/\/i0.wp.com\/www.manquepierda.com\/historiarealbetis\/files\/2020\/10\/Esnaola-en-el-banquillo.-1993.-scaled.jpg?resize=680%2C465&amp;ssl=1 680w, https:\/\/i0.wp.com\/www.manquepierda.com\/historiarealbetis\/files\/2020\/10\/Esnaola-en-el-banquillo.-1993.-scaled.jpg?resize=220%2C151&amp;ssl=1 220w, https:\/\/i0.wp.com\/www.manquepierda.com\/historiarealbetis\/files\/2020\/10\/Esnaola-en-el-banquillo.-1993.-scaled.jpg?resize=768%2C525&amp;ssl=1 768w\" sizes=\"auto, (max-width: 960px) 100vw, 960px\" \/><\/figure>\n\n\n<p>El 21 de marzo de 1993 Jos\u00e9 Ram\u00f3n Esnaola se sentaba en el banquillo del primer equipo del Real Betis Balompi\u00e9. Era la segunda ocasi\u00f3n en que Jos\u00e9 Ram\u00f3n Esnaola se hac\u00eda cargo del primer equipo, tras la experiencia de dos temporadas antes, cuando se hizo con el mando del equipo en la temporada 1990-91.&nbsp;<\/p>\n<p>En la imagen el preparador f\u00edsico Pepe Lorente, Jos\u00e9 Ram\u00f3n Esnaola, su segundo Rogelio Sosa y Pepe Mel.&nbsp;<\/p>\n<p>El resultado no fue bueno, pues el Betis perdi\u00f3 0-2 ante el Barcelona B, con tantos de Ekelund y Sergi.<\/p>\n<p>Esnaola lleg\u00f3 al cargo para suplir a Jorge D\u00b4Alessandro, destituido el 15 de marzo tras una derrota en Palam\u00f3s.&nbsp;&nbsp;<\/p>","protected":false},"excerpt":{"rendered":"<p>El 21 de marzo de 1993 Jos\u00e9 Ram\u00f3n Esnaola se sentaba en el banquillo del primer equipo del Real Betis Balompi\u00e9. Era la segunda ocasi\u00f3n en que Jos\u00e9 Ram\u00f3n Esnaola se hac\u00eda cargo del primer equipo, tras la experiencia de dos temporadas antes, cuando se hizo con el mando del equipo en la temporada 1990-91.&nbsp;&#8230;<\/p>\n","protected":false},"author":5,"featured_media":76786,"comment_status":"open","ping_status":"open","sticky":false,"template":"","format":"standard","meta":{"_kad_post_transparent":"","_kad_post_title":"","_kad_post_layout":"","_kad_post_sidebar_id":"","_kad_post_content_style":"","_kad_post_vertical_padding":"","_kad_post_feature":"","_kad_post_feature_position":"","_kad_post_header":false,"_kad_post_footer":false,"_kad_post_classname":"","_jetpack_memberships_contains_paid_content":false,"footnotes":"","jetpack_publicize_message":"","jetpack_publicize_feature_enabled":true,"jetpack_social_post_already_shared":true,"jetpack_social_options":{"image_generator_settings":{"template":"highway","default_image_id":0,"font":"","enabled":false},"version":2}},"categories":[905,1],"tags":[8377,5525,1302,17824,16768,655,1396],"class_list":["post-76785","post","type-post","status-publish","format-standard","has-post-thumbnail","hentry","category-1990-1999","category-portada","tag-1992-93","tag-5525","tag-jose-ramon-esnaola","tag-liga-segunda-1992-93","tag-pepe-lorente","tag-pepe-mel","tag-rogelio-sosa"],"jetpack_publicize_connections":[],"jetpack_featured_media_url":"https:\/\/i0.wp.com\/www.manquepierda.com\/historiarealbetis\/files\/2020\/10\/Esnaola-en-el-banquillo.-1993.-scaled.jpg?fit=2560%2C1752&ssl=1","jetpack_sharing_enabled":true,"jetpack_shortlink":"https:\/\/wp.me\/p1ij08-jYt","jetpack-related-posts":[],"_links":{"self":[{"href":"https:\/\/www.manquepierda.com\/historiarealbetis\/wp-json\/wp\/v2\/posts\/76785","targetHints":{"allow":["GET"]}}],"collection":[{"href":"https:\/\/www.manquepierda.com\/historiarealbetis\/wp-json\/wp\/v2\/posts"}],"about":[{"href":"https:\/\/www.manquepierda.com\/historiarealbetis\/wp-json\/wp\/v2\/types\/post"}],"author":[{"embeddable":true,"href":"https:\/\/www.manquepierda.com\/historiarealbetis\/wp-json\/wp\/v2\/users\/5"}],"replies":[{"embeddable":true,"href":"https:\/\/www.manquepierda.com\/historiarealbetis\/wp-json\/wp\/v2\/comments?post=76785"}],"version-history":[{"count":1,"href":"https:\/\/www.manquepierda.com\/historiarealbetis\/wp-json\/wp\/v2\/posts\/76785\/revisions"}],"predecessor-version":[{"id":98616,"href":"https:\/\/www.manquepierda.com\/historiarealbetis\/wp-json\/wp\/v2\/posts\/76785\/revisions\/98616"}],"wp:featuredmedia":[{"embeddable":true,"href":"https:\/\/www.manquepierda.com\/historiarealbetis\/wp-json\/wp\/v2\/media\/76786"}],"wp:attachment":[{"href":"https:\/\/www.manquepierda.com\/historiarealbetis\/wp-json\/wp\/v2\/media?parent=76785"}],"wp:term":[{"taxonomy":"category","embeddable":true,"href":"https:\/\/www.manquepierda.com\/historiarealbetis\/wp-json\/wp\/v2\/categories?post=76785"},{"taxonomy":"post_tag","embeddable":true,"href":"https:\/\/www.manquepierda.com\/historiarealbetis\/wp-json\/wp\/v2\/tags?post=76785"}],"curies":[{"name":"wp","href":"https:\/\/api.w.org\/{rel}","templated":true}]}}