{"id":76837,"date":"2023-10-31T11:00:00","date_gmt":"2023-10-31T10:00:00","guid":{"rendered":"http:\/\/www.manquepierda.com\/historiarealbetis\/?p=76837"},"modified":"2024-08-14T21:59:46","modified_gmt":"2024-08-14T19:59:46","slug":"hoy-hace-22-anos-gol-1-500-en-primera-division","status":"publish","type":"post","link":"https:\/\/www.manquepierda.com\/historiarealbetis\/hoy-hace-22-anos-gol-1-500-en-primera-division\/","title":{"rendered":"Hoy hace 25 a\u00f1os. Gol 1.500 en Primera Divisi\u00f3n."},"content":{"rendered":"<div class=\"wp-block-image\">\n<figure class=\"aligncenter size-large is-resized\"><img data-recalc-dims=\"1\" loading=\"lazy\" decoding=\"async\" src=\"https:\/\/i0.wp.com\/www.manquepierda.com\/historiarealbetis\/files\/2020\/10\/31-Gol-1.500-en-Primera-Oli.jpg?resize=555%2C435&#038;ssl=1\" alt=\"\" class=\"wp-image-76838\" width=\"555\" height=\"435\" srcset=\"https:\/\/i0.wp.com\/www.manquepierda.com\/historiarealbetis\/files\/2020\/10\/31-Gol-1.500-en-Primera-Oli.jpg?w=370&amp;ssl=1 370w, https:\/\/i0.wp.com\/www.manquepierda.com\/historiarealbetis\/files\/2020\/10\/31-Gol-1.500-en-Primera-Oli.jpg?resize=220%2C172&amp;ssl=1 220w\" sizes=\"auto, (max-width: 555px) 100vw, 555px\" \/><\/figure>\n<\/div>\n\n<p>\u00a0<\/p>\n<p><span style=\"color: #008000\">El 31 de octubre de 1998 Oliverio Alvarez \u201cOli\u201d marca el gol 1.500 del Real Betis Balompi\u00e9 en Primera Divisi\u00f3n.<\/span><\/p>\n<p><span style=\"color: #008000\">Lo hace en el partido de la jornada 8 del Campeonato de Liga de Primera Divisi\u00f3n que enfrenta en el Villamar\u00edn a Betis y Salamanca, cuando en el minuto 54 remat\u00f3 con la izquierda un gran pase al hueco de Fernando, batiendo al meta unionista Stelea.<\/span><\/p>","protected":false},"excerpt":{"rendered":"<p>\u00a0 El 31 de octubre de 1998 Oliverio Alvarez \u201cOli\u201d marca el gol 1.500 del Real Betis Balompi\u00e9 en Primera Divisi\u00f3n. Lo hace en el partido de la jornada 8 del Campeonato de Liga de Primera Divisi\u00f3n que enfrenta en el Villamar\u00edn a Betis y Salamanca, cuando en el minuto 54 remat\u00f3 con la izquierda&#8230;<\/p>\n","protected":false},"author":5,"featured_media":76840,"comment_status":"open","ping_status":"open","sticky":false,"template":"","format":"standard","meta":{"_kad_post_transparent":"","_kad_post_title":"","_kad_post_layout":"","_kad_post_sidebar_id":"","_kad_post_content_style":"","_kad_post_vertical_padding":"","_kad_post_feature":"","_kad_post_feature_position":"","_kad_post_header":false,"_kad_post_footer":false,"_kad_post_classname":"","_jetpack_memberships_contains_paid_content":false,"footnotes":"","jetpack_publicize_message":"","jetpack_publicize_feature_enabled":true,"jetpack_social_post_already_shared":true,"jetpack_social_options":{"image_generator_settings":{"template":"highway","default_image_id":0,"font":"","enabled":false},"version":2}},"categories":[905,14583,1],"tags":[2413,18095,17812,2420],"class_list":["post-76837","post","type-post","status-publish","format-standard","has-post-thumbnail","hentry","category-1990-1999","category-efemerides","category-portada","tag-2413","tag-gol-1-500-en-primera-division","tag-liga-primera-1998-99","tag-oliverio-alvarez-oli"],"jetpack_publicize_connections":[],"jetpack_featured_media_url":"https:\/\/i0.wp.com\/www.manquepierda.com\/historiarealbetis\/files\/2020\/10\/31-Gol-1.500-en-Primera-Oli-1.jpg?fit=370%2C290&ssl=1","jetpack_sharing_enabled":true,"jetpack_shortlink":"https:\/\/wp.me\/p1ij08-jZj","jetpack-related-posts":[],"_links":{"self":[{"href":"https:\/\/www.manquepierda.com\/historiarealbetis\/wp-json\/wp\/v2\/posts\/76837","targetHints":{"allow":["GET"]}}],"collection":[{"href":"https:\/\/www.manquepierda.com\/historiarealbetis\/wp-json\/wp\/v2\/posts"}],"about":[{"href":"https:\/\/www.manquepierda.com\/historiarealbetis\/wp-json\/wp\/v2\/types\/post"}],"author":[{"embeddable":true,"href":"https:\/\/www.manquepierda.com\/historiarealbetis\/wp-json\/wp\/v2\/users\/5"}],"replies":[{"embeddable":true,"href":"https:\/\/www.manquepierda.com\/historiarealbetis\/wp-json\/wp\/v2\/comments?post=76837"}],"version-history":[{"count":3,"href":"https:\/\/www.manquepierda.com\/historiarealbetis\/wp-json\/wp\/v2\/posts\/76837\/revisions"}],"predecessor-version":[{"id":90980,"href":"https:\/\/www.manquepierda.com\/historiarealbetis\/wp-json\/wp\/v2\/posts\/76837\/revisions\/90980"}],"wp:featuredmedia":[{"embeddable":true,"href":"https:\/\/www.manquepierda.com\/historiarealbetis\/wp-json\/wp\/v2\/media\/76840"}],"wp:attachment":[{"href":"https:\/\/www.manquepierda.com\/historiarealbetis\/wp-json\/wp\/v2\/media?parent=76837"}],"wp:term":[{"taxonomy":"category","embeddable":true,"href":"https:\/\/www.manquepierda.com\/historiarealbetis\/wp-json\/wp\/v2\/categories?post=76837"},{"taxonomy":"post_tag","embeddable":true,"href":"https:\/\/www.manquepierda.com\/historiarealbetis\/wp-json\/wp\/v2\/tags?post=76837"}],"curies":[{"name":"wp","href":"https:\/\/api.w.org\/{rel}","templated":true}]}}