{"id":76915,"date":"2020-10-21T09:14:01","date_gmt":"2020-10-21T07:14:01","guid":{"rendered":"http:\/\/www.manquepierda.com\/historiarealbetis\/?p=76915"},"modified":"2024-08-11T17:59:05","modified_gmt":"2024-08-11T15:59:05","slug":"expulsion-de-sabate-en-granada-1979","status":"publish","type":"post","link":"https:\/\/www.manquepierda.com\/historiarealbetis\/expulsion-de-sabate-en-granada-1979\/","title":{"rendered":"Expulsi\u00f3n de Sabat\u00e9 en Granada 1979"},"content":{"rendered":"\n<div class=\"wp-block-image\"><figure class=\"aligncenter size-large is-resized\"><img data-recalc-dims=\"1\" loading=\"lazy\" decoding=\"async\" src=\"https:\/\/i0.wp.com\/www.manquepierda.com\/historiarealbetis\/files\/2020\/10\/Expulsion-de-Jaume-Sabate-1979-ABC-23-01-1979.jpg?resize=556%2C721&#038;ssl=1\" alt=\"\" class=\"wp-image-76916\" width=\"556\" height=\"721\" srcset=\"https:\/\/i0.wp.com\/www.manquepierda.com\/historiarealbetis\/files\/2020\/10\/Expulsion-de-Jaume-Sabate-1979-ABC-23-01-1979-scaled.jpg?resize=540%2C700&amp;ssl=1 540w, https:\/\/i0.wp.com\/www.manquepierda.com\/historiarealbetis\/files\/2020\/10\/Expulsion-de-Jaume-Sabate-1979-ABC-23-01-1979-scaled.jpg?resize=463%2C600&amp;ssl=1 463w, https:\/\/i0.wp.com\/www.manquepierda.com\/historiarealbetis\/files\/2020\/10\/Expulsion-de-Jaume-Sabate-1979-ABC-23-01-1979-scaled.jpg?resize=170%2C220&amp;ssl=1 170w, https:\/\/i0.wp.com\/www.manquepierda.com\/historiarealbetis\/files\/2020\/10\/Expulsion-de-Jaume-Sabate-1979-ABC-23-01-1979-scaled.jpg?resize=768%2C996&amp;ssl=1 768w, https:\/\/i0.wp.com\/www.manquepierda.com\/historiarealbetis\/files\/2020\/10\/Expulsion-de-Jaume-Sabate-1979-ABC-23-01-1979-scaled.jpg?w=1975&amp;ssl=1 1975w\" sizes=\"auto, (max-width: 556px) 100vw, 556px\" \/><\/figure><\/div>\n\n\n<p>Imagen de la expulsi\u00f3n de Jaume Sabat\u00e9 en Los C\u00e1rmenes el 21 de enero de 1979 en un Granada 1 Betis 0 de la jornada 19 del Campeonato de Liga de Segunda Divisi\u00f3n.<\/p>\n<p>Junto al jugador verdiblanco que camina hacia los vestuarios el utillero b\u00e9tico Alberto Tenorio.<\/p>\n<p>Sabat\u00e9 fue expulsado por el colegiado canario Merino Gonz\u00e1lez por doble amonestaci\u00f3n, habiendo visto la primera tarjeta amarilla en el minuto 16 por una entrada sobre el extremo granadinista Serrano y 8 minutos despu\u00e9s la segunda amonestaci\u00f3n por coger el bal\u00f3n con la mano. Este partido lo disput\u00f3 Sabat\u00e9 en una puesto que no era el suyo, lateral derecho, y se vio superado por el extremo Serrano.&nbsp;<\/p>\n<p>La segunda tarjeta fue muy protestada por el equipo b\u00e9tico, pues dej\u00f3 al equipo en inferioridad en un partido en el que se jugaba el liderato de la clasificaci\u00f3n. El Betis aguant\u00f3 el resultado y tuvo incluso una clar\u00edsima oportunidad de gol en una falta al borde del \u00e1rea lanzada por Muhren que se estrell\u00f3 en el larguero y bot\u00f3 en la raya de gol. Pero en la segunda parte Jos\u00e9 Luis adelant\u00f3 al equipo rojiblanco tras un pase en largo de Gerardo.&nbsp;<\/p>\n<p><\/p>","protected":false},"excerpt":{"rendered":"<p>Imagen de la expulsi\u00f3n de Jaume Sabat\u00e9 en Los C\u00e1rmenes el 21 de enero de 1979 en un Granada 1 Betis 0 de la jornada 19 del Campeonato de Liga de Segunda Divisi\u00f3n. Junto al jugador verdiblanco que camina hacia los vestuarios el utillero b\u00e9tico Alberto Tenorio. Sabat\u00e9 fue expulsado por el colegiado canario Merino&#8230;<\/p>\n","protected":false},"author":5,"featured_media":76916,"comment_status":"open","ping_status":"open","sticky":false,"template":"","format":"standard","meta":{"_kad_post_transparent":"","_kad_post_title":"","_kad_post_layout":"","_kad_post_sidebar_id":"","_kad_post_content_style":"","_kad_post_vertical_padding":"","_kad_post_feature":"","_kad_post_feature_position":"","_kad_post_header":false,"_kad_post_footer":false,"_kad_post_classname":"","_jetpack_memberships_contains_paid_content":false,"footnotes":"","jetpack_publicize_message":"","jetpack_publicize_feature_enabled":true,"jetpack_social_post_already_shared":true,"jetpack_social_options":{"image_generator_settings":{"template":"highway","default_image_id":0,"font":"","enabled":false},"version":2}},"categories":[903,1],"tags":[2227,1033,2296,3134,1304,17798,1614],"class_list":["post-76915","post","type-post","status-publish","format-standard","has-post-thumbnail","hentry","category-1970-1979","category-portada","tag-1978-79","tag-1033","tag-alberto-tenorio","tag-granada-cf","tag-jaume-sabate","tag-liga-segunda-1978-79","tag-los-carmenes"],"jetpack_publicize_connections":[],"jetpack_featured_media_url":"https:\/\/i0.wp.com\/www.manquepierda.com\/historiarealbetis\/files\/2020\/10\/Expulsion-de-Jaume-Sabate-1979-ABC-23-01-1979-scaled.jpg?fit=1975%2C2560&ssl=1","jetpack_sharing_enabled":true,"jetpack_shortlink":"https:\/\/wp.me\/p1ij08-k0z","jetpack-related-posts":[],"_links":{"self":[{"href":"https:\/\/www.manquepierda.com\/historiarealbetis\/wp-json\/wp\/v2\/posts\/76915","targetHints":{"allow":["GET"]}}],"collection":[{"href":"https:\/\/www.manquepierda.com\/historiarealbetis\/wp-json\/wp\/v2\/posts"}],"about":[{"href":"https:\/\/www.manquepierda.com\/historiarealbetis\/wp-json\/wp\/v2\/types\/post"}],"author":[{"embeddable":true,"href":"https:\/\/www.manquepierda.com\/historiarealbetis\/wp-json\/wp\/v2\/users\/5"}],"replies":[{"embeddable":true,"href":"https:\/\/www.manquepierda.com\/historiarealbetis\/wp-json\/wp\/v2\/comments?post=76915"}],"version-history":[{"count":1,"href":"https:\/\/www.manquepierda.com\/historiarealbetis\/wp-json\/wp\/v2\/posts\/76915\/revisions"}],"predecessor-version":[{"id":96163,"href":"https:\/\/www.manquepierda.com\/historiarealbetis\/wp-json\/wp\/v2\/posts\/76915\/revisions\/96163"}],"wp:featuredmedia":[{"embeddable":true,"href":"https:\/\/www.manquepierda.com\/historiarealbetis\/wp-json\/wp\/v2\/media\/76916"}],"wp:attachment":[{"href":"https:\/\/www.manquepierda.com\/historiarealbetis\/wp-json\/wp\/v2\/media?parent=76915"}],"wp:term":[{"taxonomy":"category","embeddable":true,"href":"https:\/\/www.manquepierda.com\/historiarealbetis\/wp-json\/wp\/v2\/categories?post=76915"},{"taxonomy":"post_tag","embeddable":true,"href":"https:\/\/www.manquepierda.com\/historiarealbetis\/wp-json\/wp\/v2\/tags?post=76915"}],"curies":[{"name":"wp","href":"https:\/\/api.w.org\/{rel}","templated":true}]}}