{"id":76919,"date":"2020-10-22T09:15:18","date_gmt":"2020-10-22T07:15:18","guid":{"rendered":"http:\/\/www.manquepierda.com\/historiarealbetis\/?p=76919"},"modified":"2024-08-27T23:28:58","modified_gmt":"2024-08-27T21:28:58","slug":"jose-estevez","status":"publish","type":"post","link":"https:\/\/www.manquepierda.com\/historiarealbetis\/jose-estevez\/","title":{"rendered":"Jos\u00e9 Est\u00e9vez"},"content":{"rendered":"<div class=\"wp-block-image\">\n<figure class=\"aligncenter size-large is-resized\"><img data-recalc-dims=\"1\" loading=\"lazy\" decoding=\"async\" src=\"https:\/\/i0.wp.com\/www.manquepierda.com\/historiarealbetis\/files\/2020\/10\/Estevez-1.jpg?resize=406%2C671&#038;ssl=1\" alt=\"\" class=\"wp-image-76920\" width=\"406\" height=\"671\" srcset=\"https:\/\/i0.wp.com\/www.manquepierda.com\/historiarealbetis\/files\/2020\/10\/Estevez-1.jpg?w=294&amp;ssl=1 294w, https:\/\/i0.wp.com\/www.manquepierda.com\/historiarealbetis\/files\/2020\/10\/Estevez-1.jpg?resize=133%2C220&amp;ssl=1 133w\" sizes=\"auto, (max-width: 406px) 100vw, 406px\" \/><\/figure>\n<\/div>\n\n<p><strong>Jos\u00e9 Est\u00e9vez Al\u00e9,<\/strong> nacido en Sevilla el 8 de diciembre de 1903 y fallecido en Sevilla el 7 de abril de 1994.&nbsp;<\/p>\n<p>Centrocampista.<\/p>\n<p>Tras destacar en el conjunto sevillano del Nacional FC pas\u00f3 al Betis en el a\u00f1o 1925, aunque desde 1921, a\u00fan perteneciendo al Nacional, sol\u00eda alinearse con el equipo verdiblanco en algunos encuentros amistosos.<\/p>\n<p>Su debut en partido oficial con el Real Betis Balompi\u00e9 se produjo el 8 de noviembre de 1925 en C\u00e1diz contra el Espa\u00f1ol FC en partido de la jornada 1 del Campeonato de Andaluc\u00eda.&nbsp;<\/p>\n<p>Durante cinco temporadas Est\u00e9vez se convirti\u00f3 en el medio centro del equipo verdiblanco y ser\u00e1 caracter\u00edstica su imagen con un pa\u00f1uelo atado al cuello.&nbsp; En el renacer del equipo b\u00e9tico en la segunda mitad de la d\u00e9cada de los a\u00f1os 20 Est\u00e9vez ser\u00e1 uno de los jugadores fundamentales.<\/p>\n<p>En el verano de 1930 termin\u00f3 su etapa verdiblanca, pasando a jugar en el Recreativo de Huelva.&nbsp;&nbsp;<\/p>\n<p>Historial<\/p>\n<table style=\"border-collapse: collapse;width: 120pt\" border=\"0\" width=\"160\" cellspacing=\"0\" cellpadding=\"0\">\n<tbody>\n<tr style=\"height: 13.5pt\">\n<td class=\"xl67\" style=\"height: 13.5pt;width: 60pt\" width=\"80\" height=\"18\">1920-21<\/td>\n<td class=\"xl67\" style=\"border-left: none;width: 60pt\" width=\"80\">Nacional<\/td>\n<\/tr>\n<tr style=\"height: 12.75pt\">\n<td class=\"xl67\" style=\"height: 12.75pt;border-top: none\" height=\"17\">1921-22<\/td>\n<td class=\"xl67\" style=\"border-top: none;border-left: none\">Nacional<\/td>\n<\/tr>\n<tr style=\"height: 13.5pt\">\n<td class=\"xl67\" style=\"height: 13.5pt;border-top: none\" height=\"18\">1922-23<\/td>\n<td class=\"xl67\" style=\"border-top: none;border-left: none\">Nacional<\/td>\n<\/tr>\n<tr style=\"height: 12.75pt\">\n<td class=\"xl67\" style=\"height: 12.75pt;border-top: none\" height=\"17\">1923-24<\/td>\n<td class=\"xl67\" style=\"border-top: none;border-left: none\">Nacional<\/td>\n<\/tr>\n<tr style=\"height: 12.75pt\">\n<td class=\"xl67\" style=\"height: 12.75pt;border-top: none\" height=\"17\">1924-25<\/td>\n<td class=\"xl67\" style=\"border-top: none;border-left: none\">Nacional<\/td>\n<\/tr>\n<tr style=\"height: 12.75pt\">\n<td class=\"xl67\" style=\"height: 12.75pt;border-top: none\" height=\"17\">1925-26<\/td>\n<td class=\"xl67\" style=\"border-top: none;border-left: none\">Betis<\/td>\n<\/tr>\n<tr style=\"height: 12.75pt\">\n<td class=\"xl67\" style=\"height: 12.75pt;border-top: none\" height=\"17\">1926-27<\/td>\n<td class=\"xl67\" style=\"border-top: none;border-left: none\">Betis<\/td>\n<\/tr>\n<tr style=\"height: 12.75pt\">\n<td class=\"xl67\" style=\"height: 12.75pt;border-top: none\" height=\"17\">1927-28<\/td>\n<td class=\"xl67\" style=\"border-top: none;border-left: none\">Betis<\/td>\n<\/tr>\n<tr style=\"height: 12.75pt\">\n<td class=\"xl68\" style=\"height: 12.75pt;border-top: none\" height=\"17\">1928-29<\/td>\n<td class=\"xl68\" style=\"border-top: none;border-left: none\">Betis<\/td>\n<\/tr>\n<tr style=\"height: 12.75pt\">\n<td class=\"xl68\" style=\"height: 12.75pt;border-top: none\" height=\"17\">1929-30<\/td>\n<td class=\"xl68\" style=\"border-top: none;border-left: none\">Betis<\/td>\n<\/tr>\n<tr style=\"height: 13.5pt\">\n<td class=\"xl67\" style=\"height: 13.5pt;border-top: none\" height=\"18\">1930-31<\/td>\n<td class=\"xl67\" style=\"border-top: none;border-left: none\">Recreativo<\/td>\n<\/tr>\n<tr style=\"height: 12.75pt\">\n<td class=\"xl67\" style=\"height: 12.75pt;border-top: none\" height=\"17\">1931-32<\/td>\n<td class=\"xl67\" style=\"border-top: none;border-left: none\">Recreativo<\/td>\n<\/tr>\n<\/tbody>\n<\/table>\n\n\n<p>Durante sus a\u00f1os en el Betis Est\u00e9vez jug\u00f3 12 partidos de Liga, 24 de Copa, 38 del Campeonato de Andaluc\u00eda, en el que marc\u00f3 1 gol, y 71 amistosos, en los que hizo un tanto.<\/p>\n\n\n\n<p><\/p>\n","protected":false},"excerpt":{"rendered":"<p>Jos\u00e9 Est\u00e9vez Al\u00e9, nacido en Sevilla el 8 de diciembre de 1903 y fallecido en Sevilla el 7 de abril de 1994.&nbsp; Centrocampista. Tras destacar en el conjunto sevillano del Nacional FC pas\u00f3 al Betis en el a\u00f1o 1925, aunque desde 1921, a\u00fan perteneciendo al Nacional, sol\u00eda alinearse con el equipo verdiblanco en algunos encuentros&#8230;<\/p>\n","protected":false},"author":5,"featured_media":76920,"comment_status":"open","ping_status":"open","sticky":false,"template":"","format":"standard","meta":{"_kad_post_transparent":"","_kad_post_title":"","_kad_post_layout":"","_kad_post_sidebar_id":"","_kad_post_content_style":"","_kad_post_vertical_padding":"","_kad_post_feature":"","_kad_post_feature_position":"","_kad_post_header":false,"_kad_post_footer":false,"_kad_post_classname":"","_jetpack_memberships_contains_paid_content":false,"footnotes":"","jetpack_publicize_message":"","jetpack_publicize_feature_enabled":true,"jetpack_social_post_already_shared":true,"jetpack_social_options":{"image_generator_settings":{"template":"highway","default_image_id":0,"font":"","enabled":false},"version":2}},"categories":[893,1],"tags":[1412],"class_list":["post-76919","post","type-post","status-publish","format-standard","has-post-thumbnail","hentry","category-jugadores-temas","category-portada","tag-jose-estevez"],"jetpack_publicize_connections":[],"jetpack_featured_media_url":"https:\/\/i0.wp.com\/www.manquepierda.com\/historiarealbetis\/files\/2020\/10\/Estevez-1.jpg?fit=294%2C486&ssl=1","jetpack_sharing_enabled":true,"jetpack_shortlink":"https:\/\/wp.me\/p1ij08-k0D","jetpack-related-posts":[],"_links":{"self":[{"href":"https:\/\/www.manquepierda.com\/historiarealbetis\/wp-json\/wp\/v2\/posts\/76919","targetHints":{"allow":["GET"]}}],"collection":[{"href":"https:\/\/www.manquepierda.com\/historiarealbetis\/wp-json\/wp\/v2\/posts"}],"about":[{"href":"https:\/\/www.manquepierda.com\/historiarealbetis\/wp-json\/wp\/v2\/types\/post"}],"author":[{"embeddable":true,"href":"https:\/\/www.manquepierda.com\/historiarealbetis\/wp-json\/wp\/v2\/users\/5"}],"replies":[{"embeddable":true,"href":"https:\/\/www.manquepierda.com\/historiarealbetis\/wp-json\/wp\/v2\/comments?post=76919"}],"version-history":[{"count":2,"href":"https:\/\/www.manquepierda.com\/historiarealbetis\/wp-json\/wp\/v2\/posts\/76919\/revisions"}],"predecessor-version":[{"id":87057,"href":"https:\/\/www.manquepierda.com\/historiarealbetis\/wp-json\/wp\/v2\/posts\/76919\/revisions\/87057"}],"wp:featuredmedia":[{"embeddable":true,"href":"https:\/\/www.manquepierda.com\/historiarealbetis\/wp-json\/wp\/v2\/media\/76920"}],"wp:attachment":[{"href":"https:\/\/www.manquepierda.com\/historiarealbetis\/wp-json\/wp\/v2\/media?parent=76919"}],"wp:term":[{"taxonomy":"category","embeddable":true,"href":"https:\/\/www.manquepierda.com\/historiarealbetis\/wp-json\/wp\/v2\/categories?post=76919"},{"taxonomy":"post_tag","embeddable":true,"href":"https:\/\/www.manquepierda.com\/historiarealbetis\/wp-json\/wp\/v2\/tags?post=76919"}],"curies":[{"name":"wp","href":"https:\/\/api.w.org\/{rel}","templated":true}]}}