{"id":77046,"date":"2022-11-11T11:00:00","date_gmt":"2022-11-11T10:00:00","guid":{"rendered":"http:\/\/www.manquepierda.com\/historiarealbetis\/?p=77046"},"modified":"2024-08-14T16:52:29","modified_gmt":"2024-08-14T14:52:29","slug":"hoy-hace-53-anos-debut-de-ezequiel-manaute","status":"publish","type":"post","link":"https:\/\/www.manquepierda.com\/historiarealbetis\/hoy-hace-53-anos-debut-de-ezequiel-manaute\/","title":{"rendered":"Hoy hace 55 a\u00f1os. Debut de Ezequiel Manaute."},"content":{"rendered":"<div class=\"wp-block-image\">\n<figure class=\"aligncenter size-large is-resized\"><img data-recalc-dims=\"1\" loading=\"lazy\" decoding=\"async\" src=\"https:\/\/i0.wp.com\/www.manquepierda.com\/historiarealbetis\/files\/2020\/11\/11-1967-Debut-de-Ezequiel-Manaute.jpg?resize=398%2C524&#038;ssl=1\" alt=\"\" class=\"wp-image-77047\" width=\"398\" height=\"524\" srcset=\"https:\/\/i0.wp.com\/www.manquepierda.com\/historiarealbetis\/files\/2020\/11\/11-1967-Debut-de-Ezequiel-Manaute.jpg?w=342&amp;ssl=1 342w, https:\/\/i0.wp.com\/www.manquepierda.com\/historiarealbetis\/files\/2020\/11\/11-1967-Debut-de-Ezequiel-Manaute.jpg?resize=167%2C220&amp;ssl=1 167w\" sizes=\"auto, (max-width: 398px) 100vw, 398px\" \/><\/figure>\n<\/div>\n\n<p><span style=\"color: #008000\">El 11 de noviembre de 1967 debuta en partido oficial con el Real Betis Balompi\u00e9 Ezequiel Manaute Pinto, en el partido que enfrenta al conjunto verdiblanco con el Real Madrid en el Santiago Bernab\u00e9u de la jornada 8 del Campeonato de Liga de Primera Divisi\u00f3n.<\/span><\/p>\n<p><span style=\"color: #008000\">Cuando Ezequiel debut\u00f3 con el Betis ten\u00eda 23 a\u00f1os y proced\u00eda de la cantera del club.&nbsp;&nbsp;<\/span><\/p>","protected":false},"excerpt":{"rendered":"<p>El 11 de noviembre de 1967 debuta en partido oficial con el Real Betis Balompi\u00e9 Ezequiel Manaute Pinto, en el partido que enfrenta al conjunto verdiblanco con el Real Madrid en el Santiago Bernab\u00e9u de la jornada 8 del Campeonato de Liga de Primera Divisi\u00f3n. Cuando Ezequiel debut\u00f3 con el Betis ten\u00eda 23 a\u00f1os y&#8230;<\/p>\n","protected":false},"author":5,"featured_media":77047,"comment_status":"open","ping_status":"open","sticky":false,"template":"","format":"standard","meta":{"_kad_post_transparent":"","_kad_post_title":"","_kad_post_layout":"","_kad_post_sidebar_id":"","_kad_post_content_style":"","_kad_post_vertical_padding":"","_kad_post_feature":"","_kad_post_feature_position":"","_kad_post_header":false,"_kad_post_footer":false,"_kad_post_classname":"","_jetpack_memberships_contains_paid_content":false,"footnotes":"","jetpack_publicize_message":"","jetpack_publicize_feature_enabled":true,"jetpack_social_post_already_shared":true,"jetpack_social_options":{"image_generator_settings":{"template":"highway","default_image_id":0,"font":"","enabled":false},"version":2}},"categories":[902,14583,1],"tags":[1247,1394,17793],"class_list":["post-77046","post","type-post","status-publish","format-standard","has-post-thumbnail","hentry","category-1960-1969","category-efemerides","category-portada","tag-1247","tag-ezequiel-manaute","tag-liga-primera-1967-68"],"jetpack_publicize_connections":[],"jetpack_featured_media_url":"https:\/\/i0.wp.com\/www.manquepierda.com\/historiarealbetis\/files\/2020\/11\/11-1967-Debut-de-Ezequiel-Manaute.jpg?fit=342%2C450&ssl=1","jetpack_sharing_enabled":true,"jetpack_shortlink":"https:\/\/wp.me\/p1ij08-k2G","jetpack-related-posts":[],"_links":{"self":[{"href":"https:\/\/www.manquepierda.com\/historiarealbetis\/wp-json\/wp\/v2\/posts\/77046","targetHints":{"allow":["GET"]}}],"collection":[{"href":"https:\/\/www.manquepierda.com\/historiarealbetis\/wp-json\/wp\/v2\/posts"}],"about":[{"href":"https:\/\/www.manquepierda.com\/historiarealbetis\/wp-json\/wp\/v2\/types\/post"}],"author":[{"embeddable":true,"href":"https:\/\/www.manquepierda.com\/historiarealbetis\/wp-json\/wp\/v2\/users\/5"}],"replies":[{"embeddable":true,"href":"https:\/\/www.manquepierda.com\/historiarealbetis\/wp-json\/wp\/v2\/comments?post=77046"}],"version-history":[{"count":1,"href":"https:\/\/www.manquepierda.com\/historiarealbetis\/wp-json\/wp\/v2\/posts\/77046\/revisions"}],"predecessor-version":[{"id":86413,"href":"https:\/\/www.manquepierda.com\/historiarealbetis\/wp-json\/wp\/v2\/posts\/77046\/revisions\/86413"}],"wp:featuredmedia":[{"embeddable":true,"href":"https:\/\/www.manquepierda.com\/historiarealbetis\/wp-json\/wp\/v2\/media\/77047"}],"wp:attachment":[{"href":"https:\/\/www.manquepierda.com\/historiarealbetis\/wp-json\/wp\/v2\/media?parent=77046"}],"wp:term":[{"taxonomy":"category","embeddable":true,"href":"https:\/\/www.manquepierda.com\/historiarealbetis\/wp-json\/wp\/v2\/categories?post=77046"},{"taxonomy":"post_tag","embeddable":true,"href":"https:\/\/www.manquepierda.com\/historiarealbetis\/wp-json\/wp\/v2\/tags?post=77046"}],"curies":[{"name":"wp","href":"https:\/\/api.w.org\/{rel}","templated":true}]}}