{"id":77411,"date":"2025-12-12T12:00:00","date_gmt":"2025-12-12T11:00:00","guid":{"rendered":"http:\/\/www.manquepierda.com\/historiarealbetis\/?p=77411"},"modified":"2025-10-29T18:40:33","modified_gmt":"2025-10-29T17:40:33","slug":"hoy-hace-55-anos-betis-2-elche-1","status":"publish","type":"post","link":"https:\/\/www.manquepierda.com\/historiarealbetis\/hoy-hace-55-anos-betis-2-elche-1\/","title":{"rendered":"Hoy hace 60 a\u00f1os. Betis 2 Elche 1."},"content":{"rendered":"\n<div class=\"wp-block-image\"><figure class=\"aligncenter size-large\"><img data-recalc-dims=\"1\" loading=\"lazy\" decoding=\"async\" width=\"842\" height=\"608\" src=\"https:\/\/i0.wp.com\/www.manquepierda.com\/historiarealbetis\/files\/2020\/11\/12-1965-Betis-2-Elche-1.jpg?resize=842%2C608&#038;ssl=1\" alt=\"\" class=\"wp-image-77412\" srcset=\"https:\/\/i0.wp.com\/www.manquepierda.com\/historiarealbetis\/files\/2020\/11\/12-1965-Betis-2-Elche-1.jpg?w=842&amp;ssl=1 842w, https:\/\/i0.wp.com\/www.manquepierda.com\/historiarealbetis\/files\/2020\/11\/12-1965-Betis-2-Elche-1.jpg?resize=680%2C491&amp;ssl=1 680w, https:\/\/i0.wp.com\/www.manquepierda.com\/historiarealbetis\/files\/2020\/11\/12-1965-Betis-2-Elche-1.jpg?resize=220%2C159&amp;ssl=1 220w, https:\/\/i0.wp.com\/www.manquepierda.com\/historiarealbetis\/files\/2020\/11\/12-1965-Betis-2-Elche-1.jpg?resize=768%2C555&amp;ssl=1 768w\" sizes=\"auto, (max-width: 842px) 100vw, 842px\" \/><\/figure><\/div>\n\n\n<p><span style=\"color: #008000\">El 12 de diciembre de 1965 en el Villamar\u00edn el Betis gana 2-1 al Elche en partido de la jornada 13 del Campeonato de Liga de Primera Divisi\u00f3n.<\/span><\/p>\n<p><span style=\"color: #008000\">Fue Quino el autor del primer gol b\u00e9tico en el minuto 35 con un gran disparo desde el borde del \u00e1rea. En el 46 una escapada de Montaner supone el 2-0. En el 74 un remate de cabeza de Lezcano signific\u00f3 el tanto ilicitano.<\/span><\/p>\n<p><span style=\"color: #008000\">El Betis, entrenado por Ernesto Pons, aline\u00f3 a Perea Esteve; Grau, R\u00edos, Aparicio; Montaner, Frasco; De la Fuente, Mateos, Ansola, Quino y Rogelio.<\/span><\/p>\n<p><span style=\"color: #008000\">El Elche, dirigido por Otto Bumbel, form\u00f3 con Pazos; Verd\u00fa, Iborra, Quirant; Llompart, Forneris; Oviedo, Lezcano, Vav\u00e1, Marcial y Romero.<\/span><\/p>","protected":false},"excerpt":{"rendered":"<p>El 12 de diciembre de 1965 en el Villamar\u00edn el Betis gana 2-1 al Elche en partido de la jornada 13 del Campeonato de Liga de Primera Divisi\u00f3n. Fue Quino el autor del primer gol b\u00e9tico en el minuto 35 con un gran disparo desde el borde del \u00e1rea. En el 46 una escapada de&#8230;<\/p>\n","protected":false},"author":5,"featured_media":77412,"comment_status":"open","ping_status":"open","sticky":false,"template":"","format":"standard","meta":{"_kad_post_transparent":"","_kad_post_title":"","_kad_post_layout":"","_kad_post_sidebar_id":"","_kad_post_content_style":"","_kad_post_vertical_padding":"","_kad_post_feature":"","_kad_post_feature_position":"","_kad_post_header":false,"_kad_post_footer":false,"_kad_post_classname":"","_jetpack_memberships_contains_paid_content":false,"footnotes":"","jetpack_publicize_message":"","jetpack_publicize_feature_enabled":true,"jetpack_social_post_already_shared":true,"jetpack_social_options":{"image_generator_settings":{"template":"highway","default_image_id":0,"font":"","enabled":false},"version":2}},"categories":[902,14583,1],"tags":[7334,1378,17861],"class_list":["post-77411","post","type-post","status-publish","format-standard","has-post-thumbnail","hentry","category-1960-1969","category-efemerides","category-portada","tag-7334","tag-elche-cf","tag-liga-primera-1965-66"],"jetpack_publicize_connections":[],"jetpack_featured_media_url":"https:\/\/i0.wp.com\/www.manquepierda.com\/historiarealbetis\/files\/2020\/11\/12-1965-Betis-2-Elche-1.jpg?fit=842%2C608&ssl=1","jetpack_sharing_enabled":true,"jetpack_shortlink":"https:\/\/wp.me\/p1ij08-k8z","jetpack-related-posts":[],"_links":{"self":[{"href":"https:\/\/www.manquepierda.com\/historiarealbetis\/wp-json\/wp\/v2\/posts\/77411","targetHints":{"allow":["GET"]}}],"collection":[{"href":"https:\/\/www.manquepierda.com\/historiarealbetis\/wp-json\/wp\/v2\/posts"}],"about":[{"href":"https:\/\/www.manquepierda.com\/historiarealbetis\/wp-json\/wp\/v2\/types\/post"}],"author":[{"embeddable":true,"href":"https:\/\/www.manquepierda.com\/historiarealbetis\/wp-json\/wp\/v2\/users\/5"}],"replies":[{"embeddable":true,"href":"https:\/\/www.manquepierda.com\/historiarealbetis\/wp-json\/wp\/v2\/comments?post=77411"}],"version-history":[{"count":2,"href":"https:\/\/www.manquepierda.com\/historiarealbetis\/wp-json\/wp\/v2\/posts\/77411\/revisions"}],"predecessor-version":[{"id":105516,"href":"https:\/\/www.manquepierda.com\/historiarealbetis\/wp-json\/wp\/v2\/posts\/77411\/revisions\/105516"}],"wp:featuredmedia":[{"embeddable":true,"href":"https:\/\/www.manquepierda.com\/historiarealbetis\/wp-json\/wp\/v2\/media\/77412"}],"wp:attachment":[{"href":"https:\/\/www.manquepierda.com\/historiarealbetis\/wp-json\/wp\/v2\/media?parent=77411"}],"wp:term":[{"taxonomy":"category","embeddable":true,"href":"https:\/\/www.manquepierda.com\/historiarealbetis\/wp-json\/wp\/v2\/categories?post=77411"},{"taxonomy":"post_tag","embeddable":true,"href":"https:\/\/www.manquepierda.com\/historiarealbetis\/wp-json\/wp\/v2\/tags?post=77411"}],"curies":[{"name":"wp","href":"https:\/\/api.w.org\/{rel}","templated":true}]}}