{"id":77417,"date":"2025-12-14T12:00:00","date_gmt":"2025-12-14T11:00:00","guid":{"rendered":"http:\/\/www.manquepierda.com\/historiarealbetis\/?p=77417"},"modified":"2025-10-29T18:42:36","modified_gmt":"2025-10-29T17:42:36","slug":"hoy-hace-40-anos-betis-2-sevilla-0","status":"publish","type":"post","link":"https:\/\/www.manquepierda.com\/historiarealbetis\/hoy-hace-40-anos-betis-2-sevilla-0\/","title":{"rendered":"Hoy hace 45 a\u00f1os. Betis 2 Sevilla 0."},"content":{"rendered":"<div class=\"wp-block-image\">\n<figure class=\"aligncenter size-large is-resized\"><img data-recalc-dims=\"1\" loading=\"lazy\" decoding=\"async\" src=\"https:\/\/i0.wp.com\/www.manquepierda.com\/historiarealbetis\/files\/2020\/11\/14-1980-Betis-2-Sevilla-0.jpg?resize=571%2C243&#038;ssl=1\" alt=\"\" class=\"wp-image-77418\" width=\"571\" height=\"243\" srcset=\"https:\/\/i0.wp.com\/www.manquepierda.com\/historiarealbetis\/files\/2020\/11\/14-1980-Betis-2-Sevilla-0.jpg?w=682&amp;ssl=1 682w, https:\/\/i0.wp.com\/www.manquepierda.com\/historiarealbetis\/files\/2020\/11\/14-1980-Betis-2-Sevilla-0.jpg?resize=680%2C290&amp;ssl=1 680w, https:\/\/i0.wp.com\/www.manquepierda.com\/historiarealbetis\/files\/2020\/11\/14-1980-Betis-2-Sevilla-0.jpg?resize=220%2C94&amp;ssl=1 220w\" sizes=\"auto, (max-width: 571px) 100vw, 571px\" \/><\/figure>\n<\/div>\n\n<p><span style=\"color: #008000\">El 14 de diciembre de 1980 el Betis vence 2-0 al Sevilla en el Villamar\u00edn en partido de la jornada 15 del Campeonato de Liga de Primera Divisi\u00f3n.<\/span><\/p>\n<p><span style=\"color: #008000\">Biosca adelant\u00f3 al Betis en el minuto 47 al rematar de cabeza un saque de esquina, y en el 74 Carde\u00f1osa cerr\u00f3 el marcador con un disparo raso junto al poste derecho.<\/span><\/p>\n<p><span style=\"color: #008000\">El Betis, dirigido por Luis Carriega, aline\u00f3 a Esnaola; Bizcocho, Peruena, Biosca, Gordillo; Parra, Ortega, Carde\u00f1osa (76, L\u00f3pez); Mor\u00e1n, Diarte y Segundo.<\/span><\/p>\n<p><span style=\"color: #008000\">El Sevilla, entrenado por Miguel Mu\u00f1oz, jug\u00f3 con Buyo; Blanco (50, Maraver), Rivas, Nimo, Juan Jos\u00e9; Choya, Juan Carlos, Yiyi; Montero, Morete y Mur\u00faa.&nbsp;&nbsp; &nbsp;<\/span><\/p>","protected":false},"excerpt":{"rendered":"<p>El 14 de diciembre de 1980 el Betis vence 2-0 al Sevilla en el Villamar\u00edn en partido de la jornada 15 del Campeonato de Liga de Primera Divisi\u00f3n. Biosca adelant\u00f3 al Betis en el minuto 47 al rematar de cabeza un saque de esquina, y en el 74 Carde\u00f1osa cerr\u00f3 el marcador con un disparo&#8230;<\/p>\n","protected":false},"author":5,"featured_media":77418,"comment_status":"open","ping_status":"open","sticky":false,"template":"","format":"standard","meta":{"_kad_post_transparent":"","_kad_post_title":"","_kad_post_layout":"","_kad_post_sidebar_id":"","_kad_post_content_style":"","_kad_post_vertical_padding":"","_kad_post_feature":"","_kad_post_feature_position":"","_kad_post_header":false,"_kad_post_footer":false,"_kad_post_classname":"","_jetpack_memberships_contains_paid_content":false,"footnotes":"","jetpack_publicize_message":"","jetpack_publicize_feature_enabled":true,"jetpack_social_post_already_shared":true,"jetpack_social_options":{"image_generator_settings":{"template":"highway","default_image_id":0,"font":"","enabled":false},"version":2}},"categories":[904,14583,1],"tags":[1093,17860,916],"class_list":["post-77417","post","type-post","status-publish","format-standard","has-post-thumbnail","hentry","category-1980-1989","category-efemerides","category-portada","tag-1093","tag-liga-primera-1980-81","tag-sevilla-fc"],"jetpack_publicize_connections":[],"jetpack_featured_media_url":"https:\/\/i0.wp.com\/www.manquepierda.com\/historiarealbetis\/files\/2020\/11\/14-1980-Betis-2-Sevilla-0.jpg?fit=682%2C291&ssl=1","jetpack_sharing_enabled":true,"jetpack_shortlink":"https:\/\/wp.me\/p1ij08-k8F","jetpack-related-posts":[],"_links":{"self":[{"href":"https:\/\/www.manquepierda.com\/historiarealbetis\/wp-json\/wp\/v2\/posts\/77417","targetHints":{"allow":["GET"]}}],"collection":[{"href":"https:\/\/www.manquepierda.com\/historiarealbetis\/wp-json\/wp\/v2\/posts"}],"about":[{"href":"https:\/\/www.manquepierda.com\/historiarealbetis\/wp-json\/wp\/v2\/types\/post"}],"author":[{"embeddable":true,"href":"https:\/\/www.manquepierda.com\/historiarealbetis\/wp-json\/wp\/v2\/users\/5"}],"replies":[{"embeddable":true,"href":"https:\/\/www.manquepierda.com\/historiarealbetis\/wp-json\/wp\/v2\/comments?post=77417"}],"version-history":[{"count":2,"href":"https:\/\/www.manquepierda.com\/historiarealbetis\/wp-json\/wp\/v2\/posts\/77417\/revisions"}],"predecessor-version":[{"id":105518,"href":"https:\/\/www.manquepierda.com\/historiarealbetis\/wp-json\/wp\/v2\/posts\/77417\/revisions\/105518"}],"wp:featuredmedia":[{"embeddable":true,"href":"https:\/\/www.manquepierda.com\/historiarealbetis\/wp-json\/wp\/v2\/media\/77418"}],"wp:attachment":[{"href":"https:\/\/www.manquepierda.com\/historiarealbetis\/wp-json\/wp\/v2\/media?parent=77417"}],"wp:term":[{"taxonomy":"category","embeddable":true,"href":"https:\/\/www.manquepierda.com\/historiarealbetis\/wp-json\/wp\/v2\/categories?post=77417"},{"taxonomy":"post_tag","embeddable":true,"href":"https:\/\/www.manquepierda.com\/historiarealbetis\/wp-json\/wp\/v2\/tags?post=77417"}],"curies":[{"name":"wp","href":"https:\/\/api.w.org\/{rel}","templated":true}]}}