{"id":77453,"date":"2020-12-01T09:18:56","date_gmt":"2020-12-01T08:18:56","guid":{"rendered":"http:\/\/www.manquepierda.com\/historiarealbetis\/?p=77453"},"modified":"2024-08-08T20:22:36","modified_gmt":"2024-08-08T18:22:36","slug":"betis-jaen-liga-1948","status":"publish","type":"post","link":"https:\/\/www.manquepierda.com\/historiarealbetis\/betis-jaen-liga-1948\/","title":{"rendered":"Betis-Ja\u00e9n Liga 1948."},"content":{"rendered":"\n<div class=\"wp-block-image\"><figure class=\"aligncenter size-large is-resized\"><img data-recalc-dims=\"1\" loading=\"lazy\" decoding=\"async\" src=\"https:\/\/i0.wp.com\/www.manquepierda.com\/historiarealbetis\/files\/2020\/11\/Betis-Jaen-Liga-1948-Trofeo-16-09-1948.jpg?resize=577%2C382&#038;ssl=1\" alt=\"\" class=\"wp-image-77454\" width=\"577\" height=\"382\" srcset=\"https:\/\/i0.wp.com\/www.manquepierda.com\/historiarealbetis\/files\/2020\/11\/Betis-Jaen-Liga-1948-Trofeo-16-09-1948.jpg?w=692&amp;ssl=1 692w, https:\/\/i0.wp.com\/www.manquepierda.com\/historiarealbetis\/files\/2020\/11\/Betis-Jaen-Liga-1948-Trofeo-16-09-1948.jpg?resize=680%2C451&amp;ssl=1 680w, https:\/\/i0.wp.com\/www.manquepierda.com\/historiarealbetis\/files\/2020\/11\/Betis-Jaen-Liga-1948-Trofeo-16-09-1948.jpg?resize=220%2C146&amp;ssl=1 220w\" sizes=\"auto, (max-width: 577px) 100vw, 577px\" \/><\/figure><\/div>\n\n\n<p>12 de septiembre de 1948 en Heli\u00f3polis Betis 0 Ja\u00e9n 1; jornada 1 del Campeonato de Liga de Tercera Divisi\u00f3n.<\/p>\n<p>En la imagen el guardameta jiennense La Rosa se hace con un bal\u00f3n por alto ante el acoso de la delantera verdiblanca.<\/p>\n<p>El \u00fanico tanto del partido lo marc\u00f3 Mejino en el minuto 17, en un mal comienzo de la segunda temporada verdiblanca en la Tercera Divisi\u00f3n.<\/p>\n<p>Los jugadores b\u00e9ticos llevaron brazaletes negros en se\u00f1al de luto por el fallecimiento del ex jugador Carlos Casta\u00f1eda.<\/p>\n<p>Jos\u00e9 Su\u00e1rez \u00abPeral\u00bb entrenaba al Betis y Melench\u00f3n al Ja\u00e9n.&nbsp;&nbsp;<\/p>","protected":false},"excerpt":{"rendered":"<p>12 de septiembre de 1948 en Heli\u00f3polis Betis 0 Ja\u00e9n 1; jornada 1 del Campeonato de Liga de Tercera Divisi\u00f3n. En la imagen el guardameta jiennense La Rosa se hace con un bal\u00f3n por alto ante el acoso de la delantera verdiblanca. El \u00fanico tanto del partido lo marc\u00f3 Mejino en el minuto 17, en&#8230;<\/p>\n","protected":false},"author":5,"featured_media":77454,"comment_status":"open","ping_status":"open","sticky":false,"template":"","format":"standard","meta":{"_kad_post_transparent":"","_kad_post_title":"","_kad_post_layout":"","_kad_post_sidebar_id":"","_kad_post_content_style":"","_kad_post_vertical_padding":"","_kad_post_feature":"","_kad_post_feature_position":"","_kad_post_header":false,"_kad_post_footer":false,"_kad_post_classname":"","_jetpack_memberships_contains_paid_content":false,"footnotes":"","jetpack_publicize_message":"","jetpack_publicize_feature_enabled":true,"jetpack_social_post_already_shared":true,"jetpack_social_options":{"image_generator_settings":{"template":"highway","default_image_id":0,"font":"","enabled":false},"version":2}},"categories":[900,1],"tags":[995,2535,17782,16772],"class_list":["post-77453","post","type-post","status-publish","format-standard","has-post-thumbnail","hentry","category-1940-1949","category-portada","tag-995","tag-1948-49","tag-liga-tercera-1948-49","tag-real-jaen-cf"],"jetpack_publicize_connections":[],"jetpack_featured_media_url":"https:\/\/i0.wp.com\/www.manquepierda.com\/historiarealbetis\/files\/2020\/11\/Betis-Jaen-Liga-1948-Trofeo-16-09-1948.jpg?fit=692%2C459&ssl=1","jetpack_sharing_enabled":true,"jetpack_shortlink":"https:\/\/wp.me\/p1ij08-k9f","jetpack-related-posts":[],"_links":{"self":[{"href":"https:\/\/www.manquepierda.com\/historiarealbetis\/wp-json\/wp\/v2\/posts\/77453","targetHints":{"allow":["GET"]}}],"collection":[{"href":"https:\/\/www.manquepierda.com\/historiarealbetis\/wp-json\/wp\/v2\/posts"}],"about":[{"href":"https:\/\/www.manquepierda.com\/historiarealbetis\/wp-json\/wp\/v2\/types\/post"}],"author":[{"embeddable":true,"href":"https:\/\/www.manquepierda.com\/historiarealbetis\/wp-json\/wp\/v2\/users\/5"}],"replies":[{"embeddable":true,"href":"https:\/\/www.manquepierda.com\/historiarealbetis\/wp-json\/wp\/v2\/comments?post=77453"}],"version-history":[{"count":1,"href":"https:\/\/www.manquepierda.com\/historiarealbetis\/wp-json\/wp\/v2\/posts\/77453\/revisions"}],"predecessor-version":[{"id":95603,"href":"https:\/\/www.manquepierda.com\/historiarealbetis\/wp-json\/wp\/v2\/posts\/77453\/revisions\/95603"}],"wp:featuredmedia":[{"embeddable":true,"href":"https:\/\/www.manquepierda.com\/historiarealbetis\/wp-json\/wp\/v2\/media\/77454"}],"wp:attachment":[{"href":"https:\/\/www.manquepierda.com\/historiarealbetis\/wp-json\/wp\/v2\/media?parent=77453"}],"wp:term":[{"taxonomy":"category","embeddable":true,"href":"https:\/\/www.manquepierda.com\/historiarealbetis\/wp-json\/wp\/v2\/categories?post=77453"},{"taxonomy":"post_tag","embeddable":true,"href":"https:\/\/www.manquepierda.com\/historiarealbetis\/wp-json\/wp\/v2\/tags?post=77453"}],"curies":[{"name":"wp","href":"https:\/\/api.w.org\/{rel}","templated":true}]}}