{"id":77471,"date":"2020-12-04T09:20:58","date_gmt":"2020-12-04T08:20:58","guid":{"rendered":"http:\/\/www.manquepierda.com\/historiarealbetis\/?p=77471"},"modified":"2024-09-13T19:19:58","modified_gmt":"2024-09-13T17:19:58","slug":"alineacion-osasuna-betis-liga-1984","status":"publish","type":"post","link":"https:\/\/www.manquepierda.com\/historiarealbetis\/alineacion-osasuna-betis-liga-1984\/","title":{"rendered":"Alineaci\u00f3n Osasuna-Betis Liga 1984."},"content":{"rendered":"\n<div class=\"wp-block-image\"><figure class=\"aligncenter size-large is-resized\"><img data-recalc-dims=\"1\" loading=\"lazy\" decoding=\"async\" src=\"https:\/\/i0.wp.com\/www.manquepierda.com\/historiarealbetis\/files\/2020\/11\/Alineacion-Osasuna-Betis-Liga-1984.jpg?resize=578%2C368&#038;ssl=1\" alt=\"\" class=\"wp-image-77472\" width=\"578\" height=\"368\" srcset=\"https:\/\/i0.wp.com\/www.manquepierda.com\/historiarealbetis\/files\/2020\/11\/Alineacion-Osasuna-Betis-Liga-1984.jpg?w=822&amp;ssl=1 822w, https:\/\/i0.wp.com\/www.manquepierda.com\/historiarealbetis\/files\/2020\/11\/Alineacion-Osasuna-Betis-Liga-1984.jpg?resize=680%2C433&amp;ssl=1 680w, https:\/\/i0.wp.com\/www.manquepierda.com\/historiarealbetis\/files\/2020\/11\/Alineacion-Osasuna-Betis-Liga-1984.jpg?resize=220%2C140&amp;ssl=1 220w, https:\/\/i0.wp.com\/www.manquepierda.com\/historiarealbetis\/files\/2020\/11\/Alineacion-Osasuna-Betis-Liga-1984.jpg?resize=768%2C490&amp;ssl=1 768w\" sizes=\"auto, (max-width: 578px) 100vw, 578px\" \/><\/figure><\/div>\n\n\n<p>16 de diciembre de 1984 en El Sadar Osasuna 1 Betis 2; jornada 16 del Campeonato de Liga de Primera Divisi\u00f3n.<\/p>\n<p>En la imagen arriba Esnaola, Su\u00e1rez, Mantilla, Alex, Ortega y Casado; abajo Calder\u00f3n, Parra, Calleja, Rinc\u00f3n y Reyes.&nbsp; &nbsp;<\/p>\n<p>A los 7 minuto Parra en una jugada personal adelantaba al Betis. A los 39 era Calleja con un lanzamiento directo de falta el que marcaba el 0-2, y a los 89 Benito marcaba el gol local.&nbsp;<\/p>\n<p>Un triunfo que llevaba al Betis a la tercera posici\u00f3n de la tabla.<\/p>\n<p>Ivan Brzic entrenaba al Osasuna y Pepe Alzate al Betis.&nbsp;<\/p>\n\n\n<p><\/p>\n","protected":false},"excerpt":{"rendered":"<p>16 de diciembre de 1984 en El Sadar Osasuna 1 Betis 2; jornada 16 del Campeonato de Liga de Primera Divisi\u00f3n. En la imagen arriba Esnaola, Su\u00e1rez, Mantilla, Alex, Ortega y Casado; abajo Calder\u00f3n, Parra, Calleja, Rinc\u00f3n y Reyes.&nbsp; &nbsp; A los 7 minuto Parra en una jugada personal adelantaba al Betis. A los 39&#8230;<\/p>\n","protected":false},"author":5,"featured_media":77472,"comment_status":"open","ping_status":"open","sticky":false,"template":"","format":"standard","meta":{"_kad_post_transparent":"","_kad_post_title":"","_kad_post_layout":"","_kad_post_sidebar_id":"","_kad_post_content_style":"","_kad_post_vertical_padding":"","_kad_post_feature":"","_kad_post_feature_position":"","_kad_post_header":false,"_kad_post_footer":false,"_kad_post_classname":"","_jetpack_memberships_contains_paid_content":false,"footnotes":"","jetpack_publicize_message":"","jetpack_publicize_feature_enabled":true,"jetpack_social_post_already_shared":true,"jetpack_social_options":{"image_generator_settings":{"template":"highway","default_image_id":0,"font":"","enabled":false},"version":2}},"categories":[904,1],"tags":[3115,2251,13196,1422,1409,1146,9867,16733,1428,3281,1588,4170,1085,1302,17862],"class_list":["post-77471","post","type-post","status-publish","format-standard","has-post-thumbnail","hentry","category-1980-1989","category-portada","tag-3115","tag-1984-85","tag-al-lal-mohand-alex","tag-antolin-ortega","tag-antonio-casado","tag-antonio-reyes","tag-club-atletico-osasuna","tag-gabriel-humberto-calderon","tag-hipolito-rincon","tag-javier-mantilla","tag-joaquin-parra","tag-jose-calleja","tag-jose-carlos-suarez","tag-jose-ramon-esnaola","tag-liga-primera-1984-85"],"jetpack_publicize_connections":[],"jetpack_featured_media_url":"https:\/\/i0.wp.com\/www.manquepierda.com\/historiarealbetis\/files\/2020\/11\/Alineacion-Osasuna-Betis-Liga-1984.jpg?fit=822%2C524&ssl=1","jetpack_sharing_enabled":true,"jetpack_shortlink":"https:\/\/wp.me\/p1ij08-k9x","jetpack-related-posts":[],"_links":{"self":[{"href":"https:\/\/www.manquepierda.com\/historiarealbetis\/wp-json\/wp\/v2\/posts\/77471","targetHints":{"allow":["GET"]}}],"collection":[{"href":"https:\/\/www.manquepierda.com\/historiarealbetis\/wp-json\/wp\/v2\/posts"}],"about":[{"href":"https:\/\/www.manquepierda.com\/historiarealbetis\/wp-json\/wp\/v2\/types\/post"}],"author":[{"embeddable":true,"href":"https:\/\/www.manquepierda.com\/historiarealbetis\/wp-json\/wp\/v2\/users\/5"}],"replies":[{"embeddable":true,"href":"https:\/\/www.manquepierda.com\/historiarealbetis\/wp-json\/wp\/v2\/comments?post=77471"}],"version-history":[{"count":1,"href":"https:\/\/www.manquepierda.com\/historiarealbetis\/wp-json\/wp\/v2\/posts\/77471\/revisions"}],"predecessor-version":[{"id":99182,"href":"https:\/\/www.manquepierda.com\/historiarealbetis\/wp-json\/wp\/v2\/posts\/77471\/revisions\/99182"}],"wp:featuredmedia":[{"embeddable":true,"href":"https:\/\/www.manquepierda.com\/historiarealbetis\/wp-json\/wp\/v2\/media\/77472"}],"wp:attachment":[{"href":"https:\/\/www.manquepierda.com\/historiarealbetis\/wp-json\/wp\/v2\/media?parent=77471"}],"wp:term":[{"taxonomy":"category","embeddable":true,"href":"https:\/\/www.manquepierda.com\/historiarealbetis\/wp-json\/wp\/v2\/categories?post=77471"},{"taxonomy":"post_tag","embeddable":true,"href":"https:\/\/www.manquepierda.com\/historiarealbetis\/wp-json\/wp\/v2\/tags?post=77471"}],"curies":[{"name":"wp","href":"https:\/\/api.w.org\/{rel}","templated":true}]}}