{"id":77529,"date":"2020-12-06T09:57:35","date_gmt":"2020-12-06T08:57:35","guid":{"rendered":"http:\/\/www.manquepierda.com\/historiarealbetis\/?p=77529"},"modified":"2024-08-11T17:58:41","modified_gmt":"2024-08-11T15:58:41","slug":"viajar-y-contar-baracaldo-1979","status":"publish","type":"post","link":"https:\/\/www.manquepierda.com\/historiarealbetis\/viajar-y-contar-baracaldo-1979\/","title":{"rendered":"Viajar y contar. Baracaldo 1979."},"content":{"rendered":"\n<div class=\"wp-block-image\"><figure class=\"aligncenter size-large is-resized\"><img data-recalc-dims=\"1\" loading=\"lazy\" decoding=\"async\" src=\"https:\/\/i0.wp.com\/www.manquepierda.com\/historiarealbetis\/files\/2020\/12\/barakaldo-211204-old.jpg?resize=575%2C546&#038;ssl=1\" alt=\"\" class=\"wp-image-77530\" width=\"575\" height=\"546\" srcset=\"https:\/\/i0.wp.com\/www.manquepierda.com\/historiarealbetis\/files\/2020\/12\/barakaldo-211204-old.jpg?w=430&amp;ssl=1 430w, https:\/\/i0.wp.com\/www.manquepierda.com\/historiarealbetis\/files\/2020\/12\/barakaldo-211204-old.jpg?resize=220%2C209&amp;ssl=1 220w\" sizes=\"auto, (max-width: 575px) 100vw, 575px\" \/><\/figure><\/div>\n\n\n<p>En la temporada 1978-79 el periodista Fernando Gel\u00e1n dej\u00f3 de cubrir los desplazamientos de los equipos sevillanos para La Hoja del Lunes y su lugar fue ocupado por Santiago S\u00e1nchez Traver.<\/p>\n<p>La secci\u00f3n que se publicaba junto a la habitual cr\u00f3nica del partido, y en la que se contaban diversas peripecias y vivencias en torno al desplazamiento, pas\u00f3 a llamarse Viajar y contar, en lugar de Campo ajeno como se denominaba antes.<\/p>\n<p>Hoy traemos la publicada el 29 de enero de 1979 con ocasi\u00f3n del viaje a Bilbao para enfrentarse en Lasesarre al Baracaldo, en la jornada 20 del Campeonato de Liga de Segunda Divisi\u00f3n. El Betis de Garc\u00eda Traid llegaba al choque como l\u00edder de la tabla clasificatoria, mientras que el Baracaldo era el pen\u00faltimo, s\u00f3lo por encima del Racing de Ferrol.<\/p>\n<p>Sin embargo el Betis en ese mes de enero comenz\u00f3 a dar s\u00edntomas de la crisis que se iba a manifestar en los meses siguientes. El domingo anterior hab\u00eda perdido 1-0 en Granada en un choque con pol\u00e9mica arbitral, como ya vimos <a href=\"https:\/\/www.manquepierda.com\/historiarealbetis\/expulsion-de-sabate-en-granada-1979\/\">aqu\u00ed,.<\/a><\/p>\n<p>El mi\u00e9rcoles el Betis jug\u00f3 en Las Palmas en la vuelta de la Copa frente al equipo amarillo y, a pesar de desarrollar un buen f\u00fatbol, se perdi\u00f3 2-1 y el equipo cay\u00f3 eliminado. Y en Baracaldo las cosas fueron a&nbsp; peor, pues un gol en el minuto inicial del equipo vasco le fue suficiente para derrotar a los verdiblancos. La ventaja holgada que el equipo ten\u00eda al frente de la tabla hab\u00eda desaparecido en apenas siete d\u00edas, y era superado en la clasificaci\u00f3n por Valladolid y Granada.<\/p>\n<p>Del relato de S\u00e1nchez Traver merece destacarse el largo y complicado viaje que el Betis tuvo que hacer para llegar a Bilbao, con avi\u00f3n hasta Madrid, tren hasta Miranda de Ebro y autobus finalmente hasta Bilbao, debido al p\u00e9simo tiempo metereol\u00f3gico que acompa\u00f1\u00f3 al Betis en este desplazamiento.&nbsp;<\/p>\n<p>Tambi\u00e9n otra noticia muy redundante de esta \u00e9poca, como era la falta de campos propios de entrenamiento que se esperaba paliar con la construcci\u00f3n de una ciudad deportiva, pero que a\u00f1o tras a\u00f1o se demoraba. El pique del periodista con el defensor argentino Mario Killer tambi\u00e9n aparece en la cr\u00f3nica, as\u00ed como las visitas a la concentraci\u00f3n b\u00e9tica de vascos relacionados con el club como el ex entrenador Rafa Iriondo, en el club hasta el a\u00f1o anterior, o el ex jugador Rufino Larrinoa, uno de los h\u00e9roes de la Liga del 35.&nbsp;<\/p>\n<p>Y para finalizar los continuos rumores sobre la marcha de los componentes m\u00e1s destacados del equipo hacia los grandes, en este caso Julio Carde\u00f1osa y Jos\u00e9 Luis Garc\u00eda Traid, sobre los que se interesaba el Real Madrid.<\/p>\n<p><\/p>\n<p><span style=\"color: #008000\"><em>Para el Betis el viaje comenz\u00f3 a las once de la ma\u00f1ana del s\u00e1bado. Mejor deb\u00eda comenzar a esa hora porque cuando las cosas se ponen de malage para los verdiblancos, es que acaban con todos los c\u00e1lculos. Tras una larga espera en San Pablo volaron a Madrid donde tuvieron el tiempo m\u00e1s que justo para coger el talgo hacia Bilbao, en el que estaba previsto que llegaran a la capital vizca\u00edna a las diez menos veinte, justo para estar en el hotel a las diez, cenar y a la cama.<\/em><\/span><\/p>\n<p><span style=\"color: #008000\"><em>Pero tambi\u00e9n ah\u00ed fallaron los c\u00e1lculos. Las numerosas lluvias, casi como por Sevilla, que han ca\u00eddo por aqu\u00ed, provocaron un desprendimiento de tierras en terrenos cercanos a la v\u00eda del ferrocarril y \u00e9ste tuvo que parar en Miranda de Ebro, desde donde los viajeros fueron trasladados en autocar hasta Bilbao. Los que, con el riesgo de volver a Madrid si Sondica estaba cerrado, elegimos el avi\u00f3n directo desde Sevilla a las tres y media, y una hora despu\u00e9s est\u00e1bamos paseando por un Bilbao triste y lluvioso.<\/em><\/span><\/p>\n<p><span style=\"color: #008000\"><em>Tuve tiempo, antes de salir, de ver en el pabell\u00f3n de Arquitectura, con motivo de la II Semana Deportiva de aquel centro, el partido de futbito entre el Betis y Arquitectura que ganaron los b\u00e9ticos por diez a cuatro. Pedro, Cobo, Oca\u00f1a, Mar\u00edn, Pozo, Rogelio, Anzarda, el doctor Benavides y Jes\u00fas pudieron f\u00e1cilmente con los muchachos de escuadra y cartab\u00f3n. Los mejores detalles vinieron de la zurda de caoba de Sosa el de Coria. Al final, un compa\u00f1ero\u2014no se dice el pecador\u2014que estaba presente, le tir\u00f3 la gorra al maestro de Coria, camino de los vestuarios.<\/em><\/span><\/p>\n<p><span style=\"color: #008000\"><em>Bueno ser\u00e1 hablar de las instalaciones porque las del Betis, las nuevas de la futura ciudad deportiva, andan paradas. \u201cVarias veces han tenido, me habla el arquitecto Juan Mar\u00eda Ll\u00e1cer, que rehacer las zanjas de drenaje a causa del mal tiempo\u201d. La verdad es que el proyecto se les encarg\u00f3 en marzo pasado y estuvo listo en los primeros d\u00edas de julio. Si se llegan a iniciar entonces las obras el Betis habr\u00eda contado con campos de entrenamiento desde principios de temporada. Pero como se empezaron cuando se pudo reunir algo\u2026<\/em><\/span><\/p>\n<p><span style=\"color: #008000\"><em>Y que conste que hay que se\u00f1alar que lo de los campos debe ser s\u00f3lo parte de una idea que debe llevar el plan general de que los socios, que son los que aportan el patrimonio, disfruten de \u00e9l. Pero si las cosas van tan lentas para las primeras necesidades como son los campos de entrenamiento, cuanto no quedar\u00e1 para completar esa tarea que se pretende.<\/em><\/span><\/p>\n<p><span style=\"color: #008000\"><em>Mario Estanislao Killer me ha rogado que use en las cr\u00f3nicas su apellido. Y as\u00ed se har\u00e1, no puede molestarse ahora ya que todos esos motes cari\u00f1osos han sido impresos en todos los diarios sevillanos. Pero como esta vez junto al cari\u00f1oso apelativo iba una cr\u00edtica, que para eso estamos, ya no le gust\u00f3. Y el que lleg\u00f3 siendo \u201cColorado\u201d y recibi\u00f3 despu\u00e9s, en la brillante pretemporada y espera de arreglo, ep\u00edtetos alusivos a personajes del c\u00f3mic infantil o al fruto de la planta del ma\u00edz, ahora quiere ser simplemente Killer. Tal vez tenga raz\u00f3n, porque ahora no es, desde luego, el de la pretemporada. Y que lo vuelvas a ser pronto, amigo Killer.<\/em><\/span><\/p>\n<p><span style=\"color: #008000\"><em>Por la ma\u00f1ana los b\u00e9ticos todav\u00eda comentaban su aventura con el retraso de dos horas en Sevilla, la comida \u201ccomo los pavos\u201d en Madrid, la bajada del tren en Miranda de Ebro y el viajecito en autob\u00fas, entre una considerable nevada. Para llegar a Bilbao despu\u00e9s de las once y poder cenar. La verdad es que los b\u00e9ticos hicieron el viaje l\u00f3gico como comentaba Pablo Belloso, pero salieron las cosas demasiado mal. No pod\u00edan exponerse, es verdad, a que Sondica estuviese cerrado.<\/em><\/span><\/p>\n<p><span style=\"color: #008000\"><em>Al hotel de los b\u00e9ticos acudieron personajes que fueron verdiblancos como Rafael Iriondo, correcto y con su gabardina. \u201cAhora no tengo nada, me dedico a descansar y no tengo idea de nada m\u00e1s. La temporada que viene ya se ver\u00e1. Puede haber algo\u2026\u201d. La verdad es que Iriondo, que comi\u00f3 con Garc\u00eda Traid y Belloso, fue saludado all\u00ed por todos sus ex pupilos. Me contaba que el Betis con los refuerzos de Ortega, Villalba y Killer es un equipo, de verdad, impresionante. Y usted que lo diga, don Rafa.<\/em><\/span><\/p>\n<p><span style=\"color: #008000\"><em>Otro personaje que apareci\u00f3 a saludar a los b\u00e9ticos fue Larrinoa, uno de los hombres del Betis hist\u00f3rico, del que gan\u00f3 la Liga en el 35. Y uno de los pocos que quedan de aquellos tiempos y que se conserva extraordinariamente bien. Cada vez que el Betis viene por estos pagos acude a saludar a los verdiblancos, a los que lleva tan dentro como los propios b\u00e9ticos y la afici\u00f3n lo llevan a \u00e9l, que es pura historia para los de Heli\u00f3polis<\/em><\/span><\/p>\n<p><span style=\"color: #008000\"><em>Sabat\u00e9 andaba por Bilbao sin barba, que se la hab\u00eda quitado antes de ir a Las Palmas por si las moscas y porque hab\u00eda desaparecido su problema, y me contaba an\u00e9cdotas de su vida deportiva, de las que \u00e9l guarda en su memoria y en sus numerosos apuntes, de los que dice podr\u00eda salir un libro. Jaime es todo un estudioso del f\u00fatbol y sus ventajas que le saca a ello, porque tiene unas curiosas teor\u00edas que le sirven para las quinielas y que hasta ahora le dan sus buenos resultados.<\/em><\/span><\/p>\n<p><span style=\"color: #008000\"><em>Julio Carde\u00f1osa era noticia en Bilbao. Resulta que Marca hab\u00eda publicado el s\u00e1bado lo de la oferta del Madrid de treinta millones. La verdad es que al Madrid\u2014un equipo m\u00e1s bien pobre de ideas\u2014no le vendr\u00eda mal un Julio Carde\u00f1osa para las temporadas que le quedan. \u201cNo me creo la noticia, me comentaba Julio, ser\u00e1 un bulo m\u00e1s. Pero eso preg\u00fantaselo a los directivos\u2026\u201d Y Pablo Belloso afirmaba \u201cno es posible que el presidente, que se va a ir en cuanto ascienda el equipo, vaya a traspasar a alguien a estas alturas\u2026\u201d, lo cual no quiere decir que no existieron las gestiones, lo que a Carde\u00f1osa lo har\u00eda muy feliz.<\/em><\/span><\/p>\n<p><span style=\"color: #008000\"><em>Y de una oferta a otra, y de un rumor a otro. Le pregunt\u00e9 a Garc\u00eda Traid por lo de Carde\u00f1osa y me dice \u201cpero hoy ya se ha publicado que el que se va al Madrid la pr\u00f3xima temporada soy yo\u2026\u201d Y le pregunt\u00e9 si le gusta la idea. \u201cS\u00ed, hombre, yo me voy a Madrid, pero en el avi\u00f3n y de piloto. Nada m\u00e1s, no puede haber nada de nada en este rumor\u201d. Otro de los que no se lo cre\u00edan, pero tiempo al tiempo que cuando el Madrid suena, noticia lleva, vale decir parodiando al refr\u00e1n. &nbsp;&nbsp;&nbsp;&nbsp;<\/em><\/span><\/p>\n<p><\/p>","protected":false},"excerpt":{"rendered":"<p>En la temporada 1978-79 el periodista Fernando Gel\u00e1n dej\u00f3 de cubrir los desplazamientos de los equipos sevillanos para La Hoja del Lunes y su lugar fue ocupado por Santiago S\u00e1nchez Traver. La secci\u00f3n que se publicaba junto a la habitual cr\u00f3nica del partido, y en la que se contaban diversas peripecias y vivencias en torno&#8230;<\/p>\n","protected":false},"author":5,"featured_media":77530,"comment_status":"open","ping_status":"open","sticky":false,"template":"","format":"standard","meta":{"_kad_post_transparent":"","_kad_post_title":"","_kad_post_layout":"","_kad_post_sidebar_id":"","_kad_post_content_style":"","_kad_post_vertical_padding":"","_kad_post_feature":"","_kad_post_feature_position":"","_kad_post_header":false,"_kad_post_footer":false,"_kad_post_classname":"","_jetpack_memberships_contains_paid_content":false,"footnotes":"","jetpack_publicize_message":"","jetpack_publicize_feature_enabled":true,"jetpack_social_post_already_shared":true,"jetpack_social_options":{"image_generator_settings":{"template":"highway","default_image_id":0,"font":"","enabled":false},"version":2}},"categories":[1,1176],"tags":[2227,1033,17798,17012],"class_list":["post-77529","post","type-post","status-publish","format-standard","has-post-thumbnail","hentry","category-portada","category-relatos-de-futbol","tag-1978-79","tag-1033","tag-liga-segunda-1978-79","tag-santiago-sanchez-traver"],"jetpack_publicize_connections":[],"jetpack_featured_media_url":"https:\/\/i0.wp.com\/www.manquepierda.com\/historiarealbetis\/files\/2020\/12\/barakaldo-211204-old.jpg?fit=430%2C408&ssl=1","jetpack_sharing_enabled":true,"jetpack_shortlink":"https:\/\/wp.me\/p1ij08-kat","jetpack-related-posts":[],"_links":{"self":[{"href":"https:\/\/www.manquepierda.com\/historiarealbetis\/wp-json\/wp\/v2\/posts\/77529","targetHints":{"allow":["GET"]}}],"collection":[{"href":"https:\/\/www.manquepierda.com\/historiarealbetis\/wp-json\/wp\/v2\/posts"}],"about":[{"href":"https:\/\/www.manquepierda.com\/historiarealbetis\/wp-json\/wp\/v2\/types\/post"}],"author":[{"embeddable":true,"href":"https:\/\/www.manquepierda.com\/historiarealbetis\/wp-json\/wp\/v2\/users\/5"}],"replies":[{"embeddable":true,"href":"https:\/\/www.manquepierda.com\/historiarealbetis\/wp-json\/wp\/v2\/comments?post=77529"}],"version-history":[{"count":1,"href":"https:\/\/www.manquepierda.com\/historiarealbetis\/wp-json\/wp\/v2\/posts\/77529\/revisions"}],"predecessor-version":[{"id":96162,"href":"https:\/\/www.manquepierda.com\/historiarealbetis\/wp-json\/wp\/v2\/posts\/77529\/revisions\/96162"}],"wp:featuredmedia":[{"embeddable":true,"href":"https:\/\/www.manquepierda.com\/historiarealbetis\/wp-json\/wp\/v2\/media\/77530"}],"wp:attachment":[{"href":"https:\/\/www.manquepierda.com\/historiarealbetis\/wp-json\/wp\/v2\/media?parent=77529"}],"wp:term":[{"taxonomy":"category","embeddable":true,"href":"https:\/\/www.manquepierda.com\/historiarealbetis\/wp-json\/wp\/v2\/categories?post=77529"},{"taxonomy":"post_tag","embeddable":true,"href":"https:\/\/www.manquepierda.com\/historiarealbetis\/wp-json\/wp\/v2\/tags?post=77529"}],"curies":[{"name":"wp","href":"https:\/\/api.w.org\/{rel}","templated":true}]}}