{"id":77540,"date":"2020-12-07T09:19:12","date_gmt":"2020-12-07T08:19:12","guid":{"rendered":"http:\/\/www.manquepierda.com\/historiarealbetis\/?p=77540"},"modified":"2020-12-05T12:32:59","modified_gmt":"2020-12-05T11:32:59","slug":"entrevista-jose-ramon-esnaola-1978","status":"publish","type":"post","link":"https:\/\/www.manquepierda.com\/historiarealbetis\/entrevista-jose-ramon-esnaola-1978\/","title":{"rendered":"Entrevista Jos\u00e9 Ram\u00f3n Esnaola 1978."},"content":{"rendered":"\n<div class=\"wp-block-image\"><figure class=\"aligncenter size-large\"><img data-recalc-dims=\"1\" loading=\"lazy\" decoding=\"async\" width=\"458\" height=\"700\" src=\"https:\/\/i0.wp.com\/www.manquepierda.com\/historiarealbetis\/files\/2020\/12\/Esnaola-4.jpg?resize=458%2C700&#038;ssl=1\" alt=\"\" class=\"wp-image-77541\" srcset=\"https:\/\/i0.wp.com\/www.manquepierda.com\/historiarealbetis\/files\/2020\/12\/Esnaola-4.jpg?resize=458%2C700&amp;ssl=1 458w, https:\/\/i0.wp.com\/www.manquepierda.com\/historiarealbetis\/files\/2020\/12\/Esnaola-4.jpg?resize=393%2C600&amp;ssl=1 393w, https:\/\/i0.wp.com\/www.manquepierda.com\/historiarealbetis\/files\/2020\/12\/Esnaola-4.jpg?resize=144%2C220&amp;ssl=1 144w, https:\/\/i0.wp.com\/www.manquepierda.com\/historiarealbetis\/files\/2020\/12\/Esnaola-4.jpg?w=467&amp;ssl=1 467w\" sizes=\"auto, (max-width: 458px) 100vw, 458px\" \/><\/figure><\/div>\n\n\n<p>Traemos hoy una entrevista de noviembre de 1978 publicada en El Correo de Andaluc\u00eda y realizada al guardameta b\u00e9tico Jos\u00e9 Ram\u00f3n Esnaola por el periodista Manolo Rodr\u00edguez.<\/p>\n<p>El eje principal de la entrevista est\u00e1 en la relaci\u00f3n de Esnaola con la selecci\u00f3n, a ra\u00edz de la presencia del seleccionador Ladislao Kubala en el campo de Las Margaritas el 29 de octubre de 1978 para presenciar el encuentro entre el Getafe y el Betis. Al finalizar el partido declar\u00f3 a los medios informativos que le hab\u00eda gustado la actuaci\u00f3n de Gordillo, Ben\u00edtez y Esnaola.<\/p>\n<p>Gordillo estaba en plena eclosi\u00f3n del magn\u00edfico futbolista que iba a ser, y ya hab\u00eda debutado en marzo de ese a\u00f1o con el equipo nacional.&nbsp; Ben\u00edtez hab\u00eda sido internacional en 3 ocasiones con Kubala,&nbsp; pero Esnaola s\u00f3lo hab\u00eda sido convocado en una ocasi\u00f3n, para el Italia-Espa\u00f1a jugado en Cagliari el 20 de febrero de 1971, donde estuvo en el banquillo como suplente de Jos\u00e9 \u00c1ngel Ir\u00edbar.<\/p>\n<p>La entrevista nos muestra la serenidad del guardameta vasco y c\u00f3mo contemplaba como cosa casi totalmente imposible que Kubala se acordase de \u00e9l para la selecci\u00f3n.&nbsp;<\/p>\n<p><span style=\"color: #008000\"><em>Era sorprendente, pero pocas cosas fuerzan ya a la sorpresa en este mundo de locos del f\u00fatbol. Lo le\u00edamos el pasado lunes y no acababa de cuadrar. En Getafe, con motivo del partido liguero entre el titular y el Real Betis, el seleccionador nacional, Ladislao Kubala, estuvo en la grada y respondi\u00f3 al acoso de los informadores con unas palabras de alabanza para varios jugadores verdiblancos: \u201cMe han gustado Gordillo, Ben\u00edtez y Esnaola\u201d.<\/em><\/span><\/p>\n<p><span style=\"color: #008000\"><em>Lo de Gordillo y Ben\u00edtez, en boca del seleccionador, pod\u00eda sonar casi normal. Sin embargo, lo de Esnaola era distinto. Hace algunos a\u00f1os que todo el mundo futbol\u00edstico del pa\u00eds sab\u00eda que Jos\u00e9 Ram\u00f3n Esnaola, el parapenalties, el talism\u00e1n verdiblanco en tantas y tantas tardes, no estaba en los blocs de notas del m\u00e1ximo entrenador del pa\u00eds.<\/em><\/span><\/p>\n<p><span style=\"color: #008000\"><em>Por eso, y porque Esnaola dec\u00eda no hace mucho que deb\u00eda y debe estar en la selecci\u00f3n, era preciso conversar con el gato de verdinegro cuyas m\u00e1ximas artes son meterle las manos a los disparos desde los once metros.<\/em><\/span><\/p>\n<ul>\n<li><span style=\"color: #008000\"><em>\u00bfA Jos\u00e9 Ram\u00f3n Esnaola estuvo Kubala vi\u00e9ndolo en Getafe?<\/em><\/span><\/li>\n<li><span style=\"color: #008000\"><em>No, hombre. Yo estoy convencido de que Kubala no fue a verme a m\u00ed, sino a otros compa\u00f1eros. Adem\u00e1s, hace ya algunos a\u00f1os, desde que sal\u00ed de la Real, dije muy claro que yo no volver\u00eda a la selecci\u00f3n<\/em><\/span><\/li>\n<li><span style=\"color: #008000\"><em>\u00bfPor qu\u00e9?<\/em><\/span><\/li>\n<li><span style=\"color: #008000\"><em>Mira, yo estuve como suplente de Ir\u00edbar en Italia, en Cagliari. All\u00ed, al despedirnos, Kubala me dijo que iba a seguir contando conmigo e, incluso, me dio una tarjeta. Pero esa llamada no se volvi\u00f3 a producir. Yo, si quieres que te diga, lo considero l\u00f3gico, puesto que Kubala ha comentado en m\u00e1s de una ocasi\u00f3n desde entonces que yo era un portero m\u00e1s bien peque\u00f1o de estatura.<\/em><\/span><\/li>\n<li><span style=\"color: #008000\"><em>\u00bfEso de ser m\u00e1s o menos alto es importante?<\/em><\/span><\/li>\n<li><span style=\"color: #008000\"><em>Todo cuenta cuando se tienen unas ideas. Por ejemplo, si t\u00fa te fijas, podr\u00edas darte cuenta de que Kubala, en sus primeros a\u00f1os como seleccionador, siempre ha preferido a hombres de estatura grande, tanto para la puerta como para los otros puestos del equipo. En esta \u00faltima \u00e9poca, sin embargo, parece que ha cambiado y que no ha tenido m\u00e1s remedio que pensar que para un futbolista no cuenta la estatura, sino las condiciones<\/em><\/span><\/li>\n<li><span style=\"color: #008000\"><em>S\u00ed, porque Miguel \u00c1ngel tampoco es un portero alto \u00bfno?<\/em><\/span><\/li>\n<li><span style=\"color: #008000\"><em>Miguel \u00c1ngel es un portero de una altura muy similar a la m\u00eda, pero juega en el Real Madrid y quiz\u00e1s esto le sirva para jugar encuentros internacionales y de alta competici\u00f3n<\/em><\/span><\/li>\n<li><span style=\"color: #008000\"><em>A pesar de que Kubala no ha contado contigo con asiduidad rara vez has lanzado tus caballos de ira contra el seleccionador<\/em><\/span><\/li>\n<li><span style=\"color: #008000\"><em>En una ocasi\u00f3n hice unas declaraciones fuertes contra el seleccionador y, poco despu\u00e9s, vi que no serv\u00eda para nada. A la vista de esto opt\u00e9 por no hablar<\/em><\/span><\/li>\n<li><span style=\"color: #008000\"><em>\u00bfNi siquiera te pas\u00f3 por la imaginaci\u00f3n volver a la selecci\u00f3n despu\u00e9s de aquella final de Copa en Madrid?<\/em><\/span><\/li>\n<li><span style=\"color: #008000\"><em>No, ya te dec\u00eda que hace unos seis a\u00f1os perd\u00ed pr\u00e1cticamente todas las esperanzas. Siempre queda alguna, pero, en fin, yo te dir\u00eda que hoy es ya casi imposible que yo pueda volver a la selecci\u00f3n<\/em><\/span><\/li>\n<li><span style=\"color: #008000\"><em>\u00bfHubiera sido otra cosa si hubieras estado en uno de esos clubs que llaman grandes?<\/em><\/span><\/li>\n<li><span style=\"color: #008000\"><em>Sin lugar a dudas. Si llego a estar en el Madrid o en el Barcelona todo hubiera sido distinto.<\/em><\/span><\/li>\n<li><span style=\"color: #008000\"><em>Al margen de Ir\u00edbar, cuyo liderazgo es indiscutible, \u00bfqu\u00e9 grandes porteros han hecho sombra a Esnaola en estos \u00faltimos a\u00f1os?<\/em><\/span><\/li>\n<li><span style=\"color: #008000\"><em>Siempre hay que tener en cuenta que los porteros destacas seg\u00fan las temporadas y la forma en que se encuentran, pero yo te dir\u00eda que los grandes porteros de los \u00faltimos a\u00f1os han sido Miguel \u00c1ngel, Arconada y Artola.<\/em><\/span><\/li>\n<li><span style=\"color: #008000\"><em>\u00bfEsos nombres son m\u00e1s importantes, son mejores que Esnaola?<\/em><\/span><\/li>\n<li><span style=\"color: #008000\"><em>Yo soy quien para decir eso, pero creo que han estado en grandes equipos y eso le ha ayudado a ser m\u00e1s famosos<\/em><\/span><\/li>\n<li><span style=\"color: #008000\"><em>\u00bfEn Sevilla se ha visto al Esnaola que se hizo importante en la Real Sociedad?<\/em><\/span><\/li>\n<li><span style=\"color: #008000\"><em>Hombre, yo creo que s\u00ed, aunque ha habido de todo, per creo que mi fuerte es la regularidad<\/em><\/span><\/li>\n<li><span style=\"color: #008000\"><em>\u00bfOtro pecado de Jos\u00e9 Ram\u00f3n Esnaola ha sido la humildad?<\/em><\/span><\/li>\n<li><span style=\"color: #008000\"><em>No lo s\u00e9, pero en m\u00e1s de una ocasi\u00f3n pens\u00e9 decir que era el mejor, casi como los boxeadores. M\u00e1s tarde, sin embargo, lo pensaba y desist\u00eda de ello. No quer\u00eda decir algo de lo que despu\u00e9s pudiera arrepentirme<\/em><\/span><\/li>\n<li><span style=\"color: #008000\"><em>\u00bfAl Betis le perdonas que no te traspasara?<\/em><\/span><\/li>\n<li><span style=\"color: #008000\"><em>S\u00ed. Yo s\u00e9 que a los quince d\u00edas de estar aqu\u00ed en Sevilla vino el Barcelona a ficharme y que el Betis no lo permiti\u00f3, y que por ello ficharon a Artola. Pero no tengo por qu\u00e9 molestarme. As\u00ed es la vida de un futbolista y no estoy triste; m\u00e1s bien todo lo contrario. En Sevilla estoy muy contento.<\/em><\/span><\/li>\n<li><span style=\"color: #008000\"><em>Hablemos del Betis, Jos\u00e9 Ram\u00f3n, del Betis liguero.<\/em><\/span><\/li>\n<li><span style=\"color: #008000\"><em>No creo que estemos fallando, pero los goles no acaban de entrar, no nos serenamos y las oportunidades no acabamos de materializarlas<\/em><\/span><\/li>\n<li><span style=\"color: #008000\"><em>\u00bfT\u00fa eres de los que tiene fe ciega en vuestro ascenso?<\/em><\/span><\/li>\n<li><span style=\"color: #008000\"><em>S\u00ed, yo creo que vamos a ascender<\/em><\/span><\/li>\n<li><span style=\"color: #008000\"><em>\u00bfQu\u00e9 equipos ves por detr\u00e1s con posibilidades de ascenso?<\/em><\/span><\/li>\n<li><span style=\"color: #008000\"><em>Aparte del revelaci\u00f3n, que yo creo que ser\u00e1n el Valladolid o el Murcia, ya que el Castilla no puede ascender, hay que contar con el Elche y el M\u00e1laga<\/em><\/span><\/li>\n<li><span style=\"color: #008000\"><em>\u00bfT\u00fa eres tambi\u00e9n de los que dicen que llevan corridos en tres meses m\u00e1s que en toda tu vida?<\/em><\/span><\/li>\n<li><span style=\"color: #008000\"><em>No, que va. Ya en la Real corr\u00eda como ahora. Incluso te puedo decir que cuando ahora entrenamos y nos hartamos de correr yo ni siquiera lo siento.<\/em><\/span><\/li>\n<\/ul>\n<p><span style=\"color: #008000\"><em>Jos\u00e9 Ram\u00f3n Esnaola, el parapenalties verdiblanco, hab\u00eda estado comedido. Humilde. En su papel de buena persona.<\/em><\/span><\/p>\n<p><\/p>","protected":false},"excerpt":{"rendered":"<p>Traemos hoy una entrevista de noviembre de 1978 publicada en El Correo de Andaluc\u00eda y realizada al guardameta b\u00e9tico Jos\u00e9 Ram\u00f3n Esnaola por el periodista Manolo Rodr\u00edguez. El eje principal de la entrevista est\u00e1 en la relaci\u00f3n de Esnaola con la selecci\u00f3n, a ra\u00edz de la presencia del seleccionador Ladislao Kubala en el campo de&#8230;<\/p>\n","protected":false},"author":5,"featured_media":77541,"comment_status":"open","ping_status":"open","sticky":false,"template":"","format":"standard","meta":{"_kad_post_transparent":"","_kad_post_title":"","_kad_post_layout":"","_kad_post_sidebar_id":"","_kad_post_content_style":"","_kad_post_vertical_padding":"","_kad_post_feature":"","_kad_post_feature_position":"","_kad_post_header":false,"_kad_post_footer":false,"_kad_post_classname":"","_jetpack_memberships_contains_paid_content":false,"footnotes":"","jetpack_publicize_message":"","jetpack_publicize_feature_enabled":true,"jetpack_social_post_already_shared":true,"jetpack_social_options":{"image_generator_settings":{"template":"highway","default_image_id":0,"font":"","enabled":false},"version":2}},"categories":[903,893,1],"tags":[59,2227,1302,3570],"class_list":["post-77540","post","type-post","status-publish","format-standard","has-post-thumbnail","hentry","category-1970-1979","category-jugadores-temas","category-portada","tag-59","tag-1978-79","tag-jose-ramon-esnaola","tag-manolo-rodriguez"],"jetpack_publicize_connections":[],"jetpack_featured_media_url":"https:\/\/i0.wp.com\/www.manquepierda.com\/historiarealbetis\/files\/2020\/12\/Esnaola-4.jpg?fit=467%2C713&ssl=1","jetpack_sharing_enabled":true,"jetpack_shortlink":"https:\/\/wp.me\/p1ij08-kaE","jetpack-related-posts":[],"_links":{"self":[{"href":"https:\/\/www.manquepierda.com\/historiarealbetis\/wp-json\/wp\/v2\/posts\/77540","targetHints":{"allow":["GET"]}}],"collection":[{"href":"https:\/\/www.manquepierda.com\/historiarealbetis\/wp-json\/wp\/v2\/posts"}],"about":[{"href":"https:\/\/www.manquepierda.com\/historiarealbetis\/wp-json\/wp\/v2\/types\/post"}],"author":[{"embeddable":true,"href":"https:\/\/www.manquepierda.com\/historiarealbetis\/wp-json\/wp\/v2\/users\/5"}],"replies":[{"embeddable":true,"href":"https:\/\/www.manquepierda.com\/historiarealbetis\/wp-json\/wp\/v2\/comments?post=77540"}],"version-history":[{"count":0,"href":"https:\/\/www.manquepierda.com\/historiarealbetis\/wp-json\/wp\/v2\/posts\/77540\/revisions"}],"wp:featuredmedia":[{"embeddable":true,"href":"https:\/\/www.manquepierda.com\/historiarealbetis\/wp-json\/wp\/v2\/media\/77541"}],"wp:attachment":[{"href":"https:\/\/www.manquepierda.com\/historiarealbetis\/wp-json\/wp\/v2\/media?parent=77540"}],"wp:term":[{"taxonomy":"category","embeddable":true,"href":"https:\/\/www.manquepierda.com\/historiarealbetis\/wp-json\/wp\/v2\/categories?post=77540"},{"taxonomy":"post_tag","embeddable":true,"href":"https:\/\/www.manquepierda.com\/historiarealbetis\/wp-json\/wp\/v2\/tags?post=77540"}],"curies":[{"name":"wp","href":"https:\/\/api.w.org\/{rel}","templated":true}]}}